{"id":1734,"date":"2022-05-19T18:57:40","date_gmt":"2022-05-19T16:57:40","guid":{"rendered":"https:\/\/montserratcabre.com\/?p=1734"},"modified":"2022-05-19T18:57:42","modified_gmt":"2022-05-19T16:57:42","slug":"que-es-la-tendinitis-del-supraespinoso","status":"publish","type":"post","link":"https:\/\/montserratcabre.com\/es\/que-es-la-tendinitis-del-supraespinoso\/","title":{"rendered":"\u00bfQu\u00e9 es la tendinitis del supraespinoso?"},"content":{"rendered":"\n<h3>Tendinitis del supraespinoso<\/h3>\n\n\n\n<p>La tendinitis del supraespinoso es la inflamaci\u00f3n que se ocasiona en este tend\u00f3n por el roce provocado por los movimientos repetidos de elevaci\u00f3n del hombro, que provoca un pinzamiento entre la cabeza del h\u00famero y el arco acromial. Es la&nbsp;<strong>causa m\u00e1s frecuente de hombro doloroso<\/strong>.<\/p>\n\n\n\n<h3>\u00bfQu\u00e9 la provoca?<\/h3>\n\n\n\n<p>Gran parte de estas tendinitis est\u00e1n ocasionadas por una utilizaci\u00f3n excesiva del&nbsp;<strong>brazo en alto<\/strong>. Por eso son frecuentes en trabajadores manuales y deportistas que efect\u00faan movimientos repetitivos con el brazo en elevaci\u00f3n. Otra causa frecuente es un arco subacromial en gancho que provoca un pinzamiento de los tendones y de la bolsa subacromial que se deslizan por debajo de \u00e9l.<\/p>\n\n\n\n<h3>\u00bfCu\u00e1les son los s\u00edntomas y signos?<\/h3>\n\n\n\n<p>Dolor en el hombro al efectuar determinados movimientos, especialmente al elevar el brazo, que en ocasiones empeora por la noche. El dolor se extiende con frecuencia a la zona proximal y lateral del brazo. Con frecuencia existe un antecedente de utilizaci\u00f3n excesiva del brazo o sobreesfuerzo continuado. En alguna ocasi\u00f3n el dolor puede iniciarse despu\u00e9s de haber efectuado un gesto forzado con el brazo o despu\u00e9s de un traumatismo.<\/p>\n\n\n\n<h3>\u00bfC\u00f3mo se diagnostica?<\/h3>\n\n\n\n<p>A trav\u00e9s de la historia cl\u00ednica y de la&nbsp;<strong>exploraci\u00f3n&nbsp;f\u00edsica<\/strong>&nbsp;que el m\u00e9dico realiza, as\u00ed como de unas&nbsp;<strong>radiograf\u00edas<\/strong>simples inicialmente. En casos de larga evoluci\u00f3n se precisar\u00e1n pruebas especiales tales como una&nbsp;<strong>resonancia magn\u00e9tica<\/strong>&nbsp;para confirmar el diagn\u00f3stico y descartar la existencia de una rotura tendinosa.<\/p>\n\n\n\n<h3>\u00bfCu\u00e1l es el tratamiento inicial?<\/h3>\n\n\n\n<p>En primer lugar, efectuar&nbsp;<strong>reposo&nbsp;<\/strong>relativo del brazo evitando las situaciones agravantes y especialmente las actividades con el brazo en elevaci\u00f3n sostenida. Adem\u00e1s, efectuar un tratamiento&nbsp;<strong>antiinflamatorio&nbsp;<\/strong>que podr\u00e1 ser con medicaci\u00f3n, infiltraciones locales o electroterapia y rehabilitaci\u00f3n; si el dolor es intenso la colocaci\u00f3n de dos infiltraciones subacromiales de corticoides es una t\u00e9cnica muy \u00fatil y segura.<\/p>\n\n\n\n<p>Posteriormente cuando la inflamaci\u00f3n y el dolor hayan remitido el paciente iniciar\u00e1 un programa de rehabilitaci\u00f3n de fortalecimiento muscular que es imprescindible para evitar reapariciones del dolor.<\/p>\n\n\n\n<h3>\u00bfQu\u00e9 ocurre si el paciente no mejora?<\/h3>\n\n\n\n<p>Los pacientes que no respondan al tratamiento conservador despu\u00e9s de varios meses precisaran una&nbsp;<strong>artroscopia de hombro&nbsp;<\/strong>para eliminar el tejido inflamado o bursitis (bursectom\u00eda) y adem\u00e1s limar el posible gancho acromial (acromioplastia) ampliando de esta forma el espacio disponible para el deslizamiento del tend\u00f3n del supraespinoso. Esta intervenci\u00f3n artrosc\u00f3pica se puede efectuar con anestesia regional sin ingreso hospitalario y es poco dolorosa.<\/p>\n\n\n\n<h3>Y despu\u00e9s de la artroscopia de hombro?<\/h3>\n\n\n\n<p>Despu\u00e9s de la artroscopia de hombro el paciente deber\u00e1 llevar el\u00a0<strong>brazo en cabestrillo<\/strong>\u00a0unos d\u00edas e iniciar\u00e1 ejercicios de movilizaci\u00f3n del hombro inmediatamente. La\u00a0<strong>rehabilitaci\u00f3n del hombro<\/strong>, que se efectuar\u00e1 despu\u00e9s durante varias semanas, es parte crucial para el buen resultado de la intervenci\u00f3n. Consiste en ejercicios de estiramiento capsular y de fortalecimiento de la musculatura.<\/p>\n\n\n\n<p>Fuente: <a href=\"https:\/\/www.teknon.es\/es\/especialidades\/valdes-casas-jose-carlos\/tendinitis\/tendinitis-supraespinoso#:~:text=La%20tendinitis%20del%20supraespinoso%20es,m%C3%A1s%20frecuente%20de%20hombro%20doloroso\" target=\"_blank\" rel=\"noreferrer noopener\">teknon.es<\/a><\/p>\n\n\n\n<h2>Indicaciones de la fisioterapia<\/h2>\n\n\n\n<p>La fisioterapia act\u00faa en la prevenci\u00f3n y el restablecimiento de la salud, con el fin de mejorar la calidad de vida de cualquier paciente.<\/p>\n\n\n\n<div class=\"wp-container-1 wp-block-buttons\">\n<div class=\"wp-block-button\"><a class=\"wp-block-button__link has-luminous-vivid-amber-to-luminous-vivid-orange-gradient-background has-background\" href=\"https:\/\/montserratcabre.com\/es\/reserva-visita\/\"><strong>RESERVA VISITA<\/strong><\/a><\/div>\n<\/div>\n","protected":false},"excerpt":{"rendered":"<p>tendinitis del supraespinoso<\/p>\n","protected":false},"author":3,"featured_media":1736,"comment_status":"open","ping_status":"open","sticky":false,"template":"","format":"standard","meta":{"inline_featured_image":false,"_joinchat":[]},"categories":[17,8],"tags":[109,57,58,35,38,112,28,76,192],"yoast_head":"<!-- This site is optimized with the Yoast SEO plugin v19.7.1 - https:\/\/yoast.com\/wordpress\/plugins\/seo\/ -->\n<title>\u00bfQu\u00e9 es la tendinitis del supraespinoso?<\/title>\n<meta name=\"description\" content=\"La tendinitis del supraespinoso es la inflamaci\u00f3n que se ocasiona en este tend\u00f3n por el roce provocado por los movimientos repetidos\" \/>\n<meta name=\"robots\" content=\"index, follow, max-snippet:-1, max-image-preview:large, max-video-preview:-1\" \/>\n<link rel=\"canonical\" href=\"https:\/\/montserratcabre.com\/es\/que-es-la-tendinitis-del-supraespinoso\/\" \/>\n<meta property=\"og:locale\" content=\"es_ES\" \/>\n<meta property=\"og:type\" content=\"article\" \/>\n<meta property=\"og:title\" content=\"\u00bfQu\u00e9 es la tendinitis del supraespinoso?\" \/>\n<meta property=\"og:description\" content=\"La tendinitis del supraespinoso es la inflamaci\u00f3n que se ocasiona en este tend\u00f3n por el roce provocado por los movimientos repetidos\" \/>\n<meta property=\"og:url\" content=\"https:\/\/montserratcabre.com\/es\/que-es-la-tendinitis-del-supraespinoso\/\" \/>\n<meta property=\"og:site_name\" content=\"Montserrat Cabr\u00e9\" \/>\n<meta property=\"article:publisher\" content=\"https:\/\/www.facebook.com\/pages\/category\/Massage-Therapist\/Centre-dOsteopatia-i-Salut-Montserrat-Cabr-770326176510135\/\" \/>\n<meta property=\"article:published_time\" content=\"2022-05-19T16:57:40+00:00\" \/>\n<meta property=\"article:modified_time\" content=\"2022-05-19T16:57:42+00:00\" \/>\n<meta property=\"og:image\" content=\"https:\/\/montserratcabre.com\/wp-content\/uploads\/2022\/05\/tendinitis-supraespinoso.jpg\" \/>\n\t<meta property=\"og:image:width\" content=\"1200\" \/>\n\t<meta property=\"og:image:height\" content=\"675\" \/>\n\t<meta property=\"og:image:type\" content=\"image\/jpeg\" \/>\n<meta name=\"author\" content=\"Jesus D&amp;DServeis\" \/>\n<meta name=\"twitter:card\" content=\"summary_large_image\" \/>\n<meta name=\"twitter:label1\" content=\"Escrito por\" \/>\n\t<meta name=\"twitter:data1\" content=\"Jesus D&amp;DServeis\" \/>\n\t<meta name=\"twitter:label2\" content=\"Tiempo de lectura\" \/>\n\t<meta name=\"twitter:data2\" content=\"3 minutos\" \/>\n<script type=\"application\/ld+json\" class=\"yoast-schema-graph\">{\"@context\":\"https:\/\/schema.org\",\"@graph\":[{\"@type\":\"Article\",\"@id\":\"https:\/\/montserratcabre.com\/es\/que-es-la-tendinitis-del-supraespinoso\/#article\",\"isPartOf\":{\"@id\":\"https:\/\/montserratcabre.com\/es\/que-es-la-tendinitis-del-supraespinoso\/\"},\"author\":{\"name\":\"Jesus D&amp;DServeis\",\"@id\":\"https:\/\/montserratcabre.com\/es\/#\/schema\/person\/0bd12dedca6f473c166c8d097872ccee\"},\"headline\":\"\u00bfQu\u00e9 es la tendinitis del supraespinoso?\",\"datePublished\":\"2022-05-19T16:57:40+00:00\",\"dateModified\":\"2022-05-19T16:57:42+00:00\",\"mainEntityOfPage\":{\"@id\":\"https:\/\/montserratcabre.com\/es\/que-es-la-tendinitis-del-supraespinoso\/\"},\"wordCount\":565,\"commentCount\":0,\"publisher\":{\"@id\":\"https:\/\/montserratcabre.com\/es\/#organization\"},\"keywords\":[\"centre de fisioterapia a mataro\",\"fisioterapeuta\",\"fisioterapeuta mataro\",\"fisioterapia en matar\u00f3\",\"fisioter\u00e0pia matar\u00f3\",\"fisioterapia matar\u00f3\",\"montserrat cabre\",\"Montserrat Cabre fisioterapia\",\"Tendinitis del supraespinoso\"],\"articleSection\":[\"Fisioterapia\",\"Sin categorizar\"],\"inLanguage\":\"es\",\"potentialAction\":[{\"@type\":\"CommentAction\",\"name\":\"Comment\",\"target\":[\"https:\/\/montserratcabre.com\/es\/que-es-la-tendinitis-del-supraespinoso\/#respond\"]}]},{\"@type\":\"WebPage\",\"@id\":\"https:\/\/montserratcabre.com\/es\/que-es-la-tendinitis-del-supraespinoso\/\",\"url\":\"https:\/\/montserratcabre.com\/es\/que-es-la-tendinitis-del-supraespinoso\/\",\"name\":\"\u00bfQu\u00e9 es la tendinitis del supraespinoso?\",\"isPartOf\":{\"@id\":\"https:\/\/montserratcabre.com\/es\/#website\"},\"datePublished\":\"2022-05-19T16:57:40+00:00\",\"dateModified\":\"2022-05-19T16:57:42+00:00\",\"description\":\"La tendinitis del supraespinoso es la inflamaci\u00f3n que se ocasiona en este tend\u00f3n por el roce provocado por los movimientos repetidos\",\"breadcrumb\":{\"@id\":\"https:\/\/montserratcabre.com\/es\/que-es-la-tendinitis-del-supraespinoso\/#breadcrumb\"},\"inLanguage\":\"es\",\"potentialAction\":[{\"@type\":\"ReadAction\",\"target\":[\"https:\/\/montserratcabre.com\/es\/que-es-la-tendinitis-del-supraespinoso\/\"]}]},{\"@type\":\"BreadcrumbList\",\"@id\":\"https:\/\/montserratcabre.com\/es\/que-es-la-tendinitis-del-supraespinoso\/#breadcrumb\",\"itemListElement\":[{\"@type\":\"ListItem\",\"position\":1,\"name\":\"Inici\",\"item\":\"https:\/\/montserratcabre.com\/es\/\"},{\"@type\":\"ListItem\",\"position\":2,\"name\":\"\u00bfQu\u00e9 es la tendinitis del supraespinoso?\"}]},{\"@type\":\"WebSite\",\"@id\":\"https:\/\/montserratcabre.com\/es\/#website\",\"url\":\"https:\/\/montserratcabre.com\/es\/\",\"name\":\"Montserrat Cabr\u00e9\",\"description\":\"Osteopatia, fisioter\u00e0pia i nutrici\u00f3\",\"publisher\":{\"@id\":\"https:\/\/montserratcabre.com\/es\/#organization\"},\"potentialAction\":[{\"@type\":\"SearchAction\",\"target\":{\"@type\":\"EntryPoint\",\"urlTemplate\":\"https:\/\/montserratcabre.com\/es\/?s={search_term_string}\"},\"query-input\":\"required name=search_term_string\"}],\"inLanguage\":\"es\"},{\"@type\":\"Organization\",\"@id\":\"https:\/\/montserratcabre.com\/es\/#organization\",\"name\":\"Montserrat Cabr\u00e9\",\"url\":\"https:\/\/montserratcabre.com\/es\/\",\"sameAs\":[\"https:\/\/www.instagram.com\/osteopatiamontserratcabre\/\",\"https:\/\/www.facebook.com\/pages\/category\/Massage-Therapist\/Centre-dOsteopatia-i-Salut-Montserrat-Cabr-770326176510135\/\"],\"logo\":{\"@type\":\"ImageObject\",\"inLanguage\":\"es\",\"@id\":\"https:\/\/montserratcabre.com\/es\/#\/schema\/logo\/image\/\",\"url\":\"https:\/\/montserratcabre.com\/wp-content\/uploads\/2019\/10\/Montserrat-Cabr\u00e8-Rich.jpg\",\"contentUrl\":\"https:\/\/montserratcabre.com\/wp-content\/uploads\/2019\/10\/Montserrat-Cabr\u00e8-Rich.jpg\",\"width\":300,\"height\":300,\"caption\":\"Montserrat Cabr\u00e9\"},\"image\":{\"@id\":\"https:\/\/montserratcabre.com\/es\/#\/schema\/logo\/image\/\"}},{\"@type\":\"Person\",\"@id\":\"https:\/\/montserratcabre.com\/es\/#\/schema\/person\/0bd12dedca6f473c166c8d097872ccee\",\"name\":\"Jesus D&amp;DServeis\",\"image\":{\"@type\":\"ImageObject\",\"inLanguage\":\"es\",\"@id\":\"https:\/\/montserratcabre.com\/es\/#\/schema\/person\/image\/\",\"url\":\"https:\/\/secure.gravatar.com\/avatar\/a3532ecb1b95303e52d249d7430f1735?s=96&d=mm&r=g\",\"contentUrl\":\"https:\/\/secure.gravatar.com\/avatar\/a3532ecb1b95303e52d249d7430f1735?s=96&d=mm&r=g\",\"caption\":\"Jesus D&amp;DServeis\"},\"url\":\"https:\/\/montserratcabre.com\/es\/author\/admin-montserratcabre\/\"}]}<\/script>\n<!-- \/ Yoast SEO plugin. -->","yoast_head_json":{"title":"\u00bfQu\u00e9 es la tendinitis del supraespinoso?","description":"La tendinitis del supraespinoso es la inflamaci\u00f3n que se ocasiona en este tend\u00f3n por el roce provocado por los movimientos repetidos","robots":{"index":"index","follow":"follow","max-snippet":"max-snippet:-1","max-image-preview":"max-image-preview:large","max-video-preview":"max-video-preview:-1"},"canonical":"https:\/\/montserratcabre.com\/es\/que-es-la-tendinitis-del-supraespinoso\/","og_locale":"es_ES","og_type":"article","og_title":"\u00bfQu\u00e9 es la tendinitis del supraespinoso?","og_description":"La tendinitis del supraespinoso es la inflamaci\u00f3n que se ocasiona en este tend\u00f3n por el roce provocado por los movimientos repetidos","og_url":"https:\/\/montserratcabre.com\/es\/que-es-la-tendinitis-del-supraespinoso\/","og_site_name":"Montserrat Cabr\u00e9","article_publisher":"https:\/\/www.facebook.com\/pages\/category\/Massage-Therapist\/Centre-dOsteopatia-i-Salut-Montserrat-Cabr-770326176510135\/","article_published_time":"2022-05-19T16:57:40+00:00","article_modified_time":"2022-05-19T16:57:42+00:00","og_image":[{"width":1200,"height":675,"url":"https:\/\/montserratcabre.com\/wp-content\/uploads\/2022\/05\/tendinitis-supraespinoso.jpg","type":"image\/jpeg"}],"author":"Jesus D&amp;DServeis","twitter_card":"summary_large_image","twitter_misc":{"Escrito por":"Jesus D&amp;DServeis","Tiempo de lectura":"3 minutos"},"schema":{"@context":"https:\/\/schema.org","@graph":[{"@type":"Article","@id":"https:\/\/montserratcabre.com\/es\/que-es-la-tendinitis-del-supraespinoso\/#article","isPartOf":{"@id":"https:\/\/montserratcabre.com\/es\/que-es-la-tendinitis-del-supraespinoso\/"},"author":{"name":"Jesus D&amp;DServeis","@id":"https:\/\/montserratcabre.com\/es\/#\/schema\/person\/0bd12dedca6f473c166c8d097872ccee"},"headline":"\u00bfQu\u00e9 es la tendinitis del supraespinoso?","datePublished":"2022-05-19T16:57:40+00:00","dateModified":"2022-05-19T16:57:42+00:00","mainEntityOfPage":{"@id":"https:\/\/montserratcabre.com\/es\/que-es-la-tendinitis-del-supraespinoso\/"},"wordCount":565,"commentCount":0,"publisher":{"@id":"https:\/\/montserratcabre.com\/es\/#organization"},"keywords":["centre de fisioterapia a mataro","fisioterapeuta","fisioterapeuta mataro","fisioterapia en matar\u00f3","fisioter\u00e0pia matar\u00f3","fisioterapia matar\u00f3","montserrat cabre","Montserrat Cabre fisioterapia","Tendinitis del supraespinoso"],"articleSection":["Fisioterapia","Sin categorizar"],"inLanguage":"es","potentialAction":[{"@type":"CommentAction","name":"Comment","target":["https:\/\/montserratcabre.com\/es\/que-es-la-tendinitis-del-supraespinoso\/#respond"]}]},{"@type":"WebPage","@id":"https:\/\/montserratcabre.com\/es\/que-es-la-tendinitis-del-supraespinoso\/","url":"https:\/\/montserratcabre.com\/es\/que-es-la-tendinitis-del-supraespinoso\/","name":"\u00bfQu\u00e9 es la tendinitis del supraespinoso?","isPartOf":{"@id":"https:\/\/montserratcabre.com\/es\/#website"},"datePublished":"2022-05-19T16:57:40+00:00","dateModified":"2022-05-19T16:57:42+00:00","description":"La tendinitis del supraespinoso es la inflamaci\u00f3n que se ocasiona en este tend\u00f3n por el roce provocado por los movimientos repetidos","breadcrumb":{"@id":"https:\/\/montserratcabre.com\/es\/que-es-la-tendinitis-del-supraespinoso\/#breadcrumb"},"inLanguage":"es","potentialAction":[{"@type":"ReadAction","target":["https:\/\/montserratcabre.com\/es\/que-es-la-tendinitis-del-supraespinoso\/"]}]},{"@type":"BreadcrumbList","@id":"https:\/\/montserratcabre.com\/es\/que-es-la-tendinitis-del-supraespinoso\/#breadcrumb","itemListElement":[{"@type":"ListItem","position":1,"name":"Inici","item":"https:\/\/montserratcabre.com\/es\/"},{"@type":"ListItem","position":2,"name":"\u00bfQu\u00e9 es la tendinitis del supraespinoso?"}]},{"@type":"WebSite","@id":"https:\/\/montserratcabre.com\/es\/#website","url":"https:\/\/montserratcabre.com\/es\/","name":"Montserrat Cabr\u00e9","description":"Osteopatia, fisioter\u00e0pia i nutrici\u00f3","publisher":{"@id":"https:\/\/montserratcabre.com\/es\/#organization"},"potentialAction":[{"@type":"SearchAction","target":{"@type":"EntryPoint","urlTemplate":"https:\/\/montserratcabre.com\/es\/?s={search_term_string}"},"query-input":"required name=search_term_string"}],"inLanguage":"es"},{"@type":"Organization","@id":"https:\/\/montserratcabre.com\/es\/#organization","name":"Montserrat Cabr\u00e9","url":"https:\/\/montserratcabre.com\/es\/","sameAs":["https:\/\/www.instagram.com\/osteopatiamontserratcabre\/","https:\/\/www.facebook.com\/pages\/category\/Massage-Therapist\/Centre-dOsteopatia-i-Salut-Montserrat-Cabr-770326176510135\/"],"logo":{"@type":"ImageObject","inLanguage":"es","@id":"https:\/\/montserratcabre.com\/es\/#\/schema\/logo\/image\/","url":"https:\/\/montserratcabre.com\/wp-content\/uploads\/2019\/10\/Montserrat-Cabr\u00e8-Rich.jpg","contentUrl":"https:\/\/montserratcabre.com\/wp-content\/uploads\/2019\/10\/Montserrat-Cabr\u00e8-Rich.jpg","width":300,"height":300,"caption":"Montserrat Cabr\u00e9"},"image":{"@id":"https:\/\/montserratcabre.com\/es\/#\/schema\/logo\/image\/"}},{"@type":"Person","@id":"https:\/\/montserratcabre.com\/es\/#\/schema\/person\/0bd12dedca6f473c166c8d097872ccee","name":"Jesus D&amp;DServeis","image":{"@type":"ImageObject","inLanguage":"es","@id":"https:\/\/montserratcabre.com\/es\/#\/schema\/person\/image\/","url":"https:\/\/secure.gravatar.com\/avatar\/a3532ecb1b95303e52d249d7430f1735?s=96&d=mm&r=g","contentUrl":"https:\/\/secure.gravatar.com\/avatar\/a3532ecb1b95303e52d249d7430f1735?s=96&d=mm&r=g","caption":"Jesus D&amp;DServeis"},"url":"https:\/\/montserratcabre.com\/es\/author\/admin-montserratcabre\/"}]}},"amp_enabled":true,"_links":{"self":[{"href":"https:\/\/montserratcabre.com\/es\/wp-json\/wp\/v2\/posts\/1734\/"}],"collection":[{"href":"https:\/\/montserratcabre.com\/es\/wp-json\/wp\/v2\/posts\/"}],"about":[{"href":"https:\/\/montserratcabre.com\/es\/wp-json\/wp\/v2\/types\/post\/"}],"author":[{"embeddable":true,"href":"https:\/\/montserratcabre.com\/es\/wp-json\/wp\/v2\/users\/3\/"}],"replies":[{"embeddable":true,"href":"https:\/\/montserratcabre.com\/es\/wp-json\/wp\/v2\/comments\/?post=1734"}],"version-history":[{"count":2,"href":"https:\/\/montserratcabre.com\/es\/wp-json\/wp\/v2\/posts\/1734\/revisions\/"}],"predecessor-version":[{"id":1738,"href":"https:\/\/montserratcabre.com\/es\/wp-json\/wp\/v2\/posts\/1734\/revisions\/1738\/"}],"wp:featuredmedia":[{"embeddable":true,"href":"https:\/\/montserratcabre.com\/es\/wp-json\/wp\/v2\/media\/1736\/"}],"wp:attachment":[{"href":"https:\/\/montserratcabre.com\/es\/wp-json\/wp\/v2\/media\/?parent=1734"}],"wp:term":[{"taxonomy":"category","embeddable":true,"href":"https:\/\/montserratcabre.com\/es\/wp-json\/wp\/v2\/categories\/?post=1734"},{"taxonomy":"post_tag","embeddable":true,"href":"https:\/\/montserratcabre.com\/es\/wp-json\/wp\/v2\/tags\/?post=1734"}],"curies":[{"name":"wp","href":"https:\/\/api.w.org\/{rel}","templated":true}]}}