{"id":1774,"date":"2022-09-28T10:53:10","date_gmt":"2022-09-28T08:53:10","guid":{"rendered":"https:\/\/montserratcabre.com\/?p=1774"},"modified":"2022-09-28T10:53:13","modified_gmt":"2022-09-28T08:53:13","slug":"que-es-el-frenillo-sublingual","status":"publish","type":"post","link":"https:\/\/montserratcabre.com\/es\/que-es-el-frenillo-sublingual\/","title":{"rendered":"\u00bfQu\u00e9 es el frenillo sublingual?"},"content":{"rendered":"\n<h3><strong>Frenillo sublingual corto y anquiloglosia<\/strong><\/h3>\n\n\n\n<p>El frenillo sublingual es un pliegue de tejido que va desde la lengua al suelo de la boca y que podemos ver si elevamos la lengua hacia el paladar. En ocasiones, este&nbsp;<strong>frenillo puede ser corto y limitar la movilidad de la lengua<\/strong>, sobre todo en la elevaci\u00f3n. En este caso hablaremos de anquiloglosia, pero pueden existir otras causas que dificulten la adecuada movilidad de la lengua. Por ello es muy importante la valoraci\u00f3n en cada caso. La limitaci\u00f3n de la movilidad de la lengua afectar\u00e1 a la succi\u00f3n que realiza el beb\u00e9 y, por tanto, en la lactancia, encontrando dificultades como:<\/p>\n\n\n\n<ul><li><strong>En el beb\u00e9:<\/strong><ul><li>Beb\u00e9 que pierde o no gana peso<\/li><li>Beb\u00e9 que se le escapa el pecho por dificultad en el sello anterior, agarre superficial, dolor\u2026etc.<\/li><li>Succi\u00f3n ineficaz.<\/li><li>Irritabilidad y llanto en el beb\u00e9<\/li><li>Tomas excesivamente largas o cortas<\/li><li>Se queda dormido al pecho sin quedarse saciado.<\/li><\/ul><\/li><\/ul>\n\n\n\n<ul><li><strong>En la mam\u00e1:<\/strong><ul><li>Problemas en el drenaje y vaciado del pecho provocando mastitis, obstrucciones, perlas de leche\u2026<\/li><li>&nbsp;Mayor compresi\u00f3n del pez\u00f3n: dolor y grietas.<\/li><\/ul><\/li><\/ul>\n\n\n\n<p>El fisioterapeuta infantil puede&nbsp;<strong>ayudar a detectar si existe una anquiloglosia, frenillo sublingual corto o una dificultad en la movilidad de la lengua<\/strong>, gui\u00e1ndonos en su tratamiento. Adem\u00e1s, valorar\u00e1 otras estructuras muy relacionadas con la boca y la lengua como el cr\u00e1neo, cuello y musculatura facial del beb\u00e9, tratando tensiones y posibles asimetr\u00edas. Como bien comprender\u00e9is, si tenemos dificultad en el agarre y succi\u00f3n, hay un&nbsp;<strong>problema de lactancia<\/strong>, y&nbsp;la lactancia es la forma que tienen nuestros beb\u00e9s de alimentarse.<\/p>\n\n\n\n<p>El sistema digestivo tiene una \u00edntima relaci\u00f3n con todo lo que estamos hablando, por lo que el fisioterapeuta especializado podr\u00e1 encontrarse con problemas como los&nbsp;<strong>c\u00f3licos del lactante, gases y molestias gastrointestinales<\/strong>.&nbsp;Normalmente, las familias aparecen en consulta de fisioterapia por este motivo. Es importante tratar los signos y s\u00edntomas que produce esta situaci\u00f3n favoreciendo la calidad de vida de nuestro beb\u00e9 y familia, pero tambi\u00e9n valorar todo lo anterior para encontrar la causa que nos lleva a vivir este tipo de situaciones con nuestro beb\u00e9.<\/p>\n\n\n\n<p>Fuente: <a href=\"https:\/\/fisioterapiamunay.es\/frenillo-y-anquiloglosia\/\" target=\"_blank\" rel=\"noreferrer noopener\">fisioterapiamunay.es<\/a><\/p>\n\n\n\n<div class=\"wp-container-1 wp-block-buttons\">\n<div class=\"wp-block-button\"><a class=\"wp-block-button__link has-luminous-vivid-amber-background-color has-background\"><strong>RESERVA VISITA<\/strong><\/a><\/div>\n<\/div>\n","protected":false},"excerpt":{"rendered":"<p>Frenillo sublingual corto y anquiloglosia<\/p>\n","protected":false},"author":3,"featured_media":1776,"comment_status":"open","ping_status":"open","sticky":false,"template":"","format":"standard","meta":{"inline_featured_image":false,"_joinchat":[]},"categories":[17,8],"tags":[202,203,204,200,201,205,206,207,208,199],"yoast_head":"<!-- This site is optimized with the Yoast SEO plugin v19.7.1 - https:\/\/yoast.com\/wordpress\/plugins\/seo\/ -->\n<title>\u00bfQu\u00e9 es el frenillo sublingual?<\/title>\n<meta name=\"description\" content=\"Frenillo sublingual: pliegue de tejido que va desde la lengua al suelo de la boca y que podemos ver si elevamos la lengua hacia el paladar\" \/>\n<meta name=\"robots\" content=\"index, follow, max-snippet:-1, max-image-preview:large, max-video-preview:-1\" \/>\n<link rel=\"canonical\" href=\"https:\/\/montserratcabre.com\/es\/que-es-el-frenillo-sublingual\/\" \/>\n<meta property=\"og:locale\" content=\"es_ES\" \/>\n<meta property=\"og:type\" content=\"article\" \/>\n<meta property=\"og:title\" content=\"\u00bfQu\u00e9 es el frenillo sublingual?\" \/>\n<meta property=\"og:description\" content=\"Frenillo sublingual: pliegue de tejido que va desde la lengua al suelo de la boca y que podemos ver si elevamos la lengua hacia el paladar\" \/>\n<meta property=\"og:url\" content=\"https:\/\/montserratcabre.com\/es\/que-es-el-frenillo-sublingual\/\" \/>\n<meta property=\"og:site_name\" content=\"Montserrat Cabr\u00e9\" \/>\n<meta property=\"article:publisher\" content=\"https:\/\/www.facebook.com\/pages\/category\/Massage-Therapist\/Centre-dOsteopatia-i-Salut-Montserrat-Cabr-770326176510135\/\" \/>\n<meta property=\"article:published_time\" content=\"2022-09-28T08:53:10+00:00\" \/>\n<meta property=\"article:modified_time\" content=\"2022-09-28T08:53:13+00:00\" \/>\n<meta property=\"og:image\" content=\"https:\/\/montserratcabre.com\/wp-content\/uploads\/2022\/09\/Frenillo-Sublingual-Bebe.jpg\" \/>\n\t<meta property=\"og:image:width\" content=\"1200\" \/>\n\t<meta property=\"og:image:height\" content=\"675\" \/>\n\t<meta property=\"og:image:type\" content=\"image\/jpeg\" \/>\n<meta name=\"author\" content=\"Jesus D&amp;DServeis\" \/>\n<meta name=\"twitter:card\" content=\"summary_large_image\" \/>\n<meta name=\"twitter:label1\" content=\"Escrito por\" \/>\n\t<meta name=\"twitter:data1\" content=\"Jesus D&amp;DServeis\" \/>\n\t<meta name=\"twitter:label2\" content=\"Tiempo de lectura\" \/>\n\t<meta name=\"twitter:data2\" content=\"2 minutos\" \/>\n<script type=\"application\/ld+json\" class=\"yoast-schema-graph\">{\"@context\":\"https:\/\/schema.org\",\"@graph\":[{\"@type\":\"Article\",\"@id\":\"https:\/\/montserratcabre.com\/es\/que-es-el-frenillo-sublingual\/#article\",\"isPartOf\":{\"@id\":\"https:\/\/montserratcabre.com\/es\/que-es-el-frenillo-sublingual\/\"},\"author\":{\"name\":\"Jesus D&amp;DServeis\",\"@id\":\"https:\/\/montserratcabre.com\/es\/#\/schema\/person\/0bd12dedca6f473c166c8d097872ccee\"},\"headline\":\"\u00bfQu\u00e9 es el frenillo sublingual?\",\"datePublished\":\"2022-09-28T08:53:10+00:00\",\"dateModified\":\"2022-09-28T08:53:13+00:00\",\"mainEntityOfPage\":{\"@id\":\"https:\/\/montserratcabre.com\/es\/que-es-el-frenillo-sublingual\/\"},\"wordCount\":380,\"commentCount\":0,\"publisher\":{\"@id\":\"https:\/\/montserratcabre.com\/es\/#organization\"},\"keywords\":[\"centre-de-fisioterapia\",\"centre-de-fisioterapia-montserrat-cabre\",\"centro-de-fisioterapia-mataro\",\"fisioterapia-mataro-3\",\"fisioterapia-mataro-4\",\"fisioterapia-pedriatica\",\"frenillo sublingual\",\"Frenillo sublingual corto\",\"Frenillo sublingual corto y anquiloglosia\",\"montserrat-cabre-fisioterapia\"],\"articleSection\":[\"Fisioterapia\",\"Sin categorizar\"],\"inLanguage\":\"es\",\"potentialAction\":[{\"@type\":\"CommentAction\",\"name\":\"Comment\",\"target\":[\"https:\/\/montserratcabre.com\/es\/que-es-el-frenillo-sublingual\/#respond\"]}]},{\"@type\":\"WebPage\",\"@id\":\"https:\/\/montserratcabre.com\/es\/que-es-el-frenillo-sublingual\/\",\"url\":\"https:\/\/montserratcabre.com\/es\/que-es-el-frenillo-sublingual\/\",\"name\":\"\u00bfQu\u00e9 es el frenillo sublingual?\",\"isPartOf\":{\"@id\":\"https:\/\/montserratcabre.com\/es\/#website\"},\"datePublished\":\"2022-09-28T08:53:10+00:00\",\"dateModified\":\"2022-09-28T08:53:13+00:00\",\"description\":\"Frenillo sublingual: pliegue de tejido que va desde la lengua al suelo de la boca y que podemos ver si elevamos la lengua hacia el paladar\",\"breadcrumb\":{\"@id\":\"https:\/\/montserratcabre.com\/es\/que-es-el-frenillo-sublingual\/#breadcrumb\"},\"inLanguage\":\"es\",\"potentialAction\":[{\"@type\":\"ReadAction\",\"target\":[\"https:\/\/montserratcabre.com\/es\/que-es-el-frenillo-sublingual\/\"]}]},{\"@type\":\"BreadcrumbList\",\"@id\":\"https:\/\/montserratcabre.com\/es\/que-es-el-frenillo-sublingual\/#breadcrumb\",\"itemListElement\":[{\"@type\":\"ListItem\",\"position\":1,\"name\":\"Inici\",\"item\":\"https:\/\/montserratcabre.com\/es\/\"},{\"@type\":\"ListItem\",\"position\":2,\"name\":\"\u00bfQu\u00e9 es el frenillo sublingual?\"}]},{\"@type\":\"WebSite\",\"@id\":\"https:\/\/montserratcabre.com\/es\/#website\",\"url\":\"https:\/\/montserratcabre.com\/es\/\",\"name\":\"Montserrat Cabr\u00e9\",\"description\":\"Osteopatia, fisioter\u00e0pia i nutrici\u00f3\",\"publisher\":{\"@id\":\"https:\/\/montserratcabre.com\/es\/#organization\"},\"potentialAction\":[{\"@type\":\"SearchAction\",\"target\":{\"@type\":\"EntryPoint\",\"urlTemplate\":\"https:\/\/montserratcabre.com\/es\/?s={search_term_string}\"},\"query-input\":\"required name=search_term_string\"}],\"inLanguage\":\"es\"},{\"@type\":\"Organization\",\"@id\":\"https:\/\/montserratcabre.com\/es\/#organization\",\"name\":\"Montserrat Cabr\u00e9\",\"url\":\"https:\/\/montserratcabre.com\/es\/\",\"sameAs\":[\"https:\/\/www.instagram.com\/osteopatiamontserratcabre\/\",\"https:\/\/www.facebook.com\/pages\/category\/Massage-Therapist\/Centre-dOsteopatia-i-Salut-Montserrat-Cabr-770326176510135\/\"],\"logo\":{\"@type\":\"ImageObject\",\"inLanguage\":\"es\",\"@id\":\"https:\/\/montserratcabre.com\/es\/#\/schema\/logo\/image\/\",\"url\":\"https:\/\/montserratcabre.com\/wp-content\/uploads\/2019\/10\/Montserrat-Cabr\u00e8-Rich.jpg\",\"contentUrl\":\"https:\/\/montserratcabre.com\/wp-content\/uploads\/2019\/10\/Montserrat-Cabr\u00e8-Rich.jpg\",\"width\":300,\"height\":300,\"caption\":\"Montserrat Cabr\u00e9\"},\"image\":{\"@id\":\"https:\/\/montserratcabre.com\/es\/#\/schema\/logo\/image\/\"}},{\"@type\":\"Person\",\"@id\":\"https:\/\/montserratcabre.com\/es\/#\/schema\/person\/0bd12dedca6f473c166c8d097872ccee\",\"name\":\"Jesus D&amp;DServeis\",\"image\":{\"@type\":\"ImageObject\",\"inLanguage\":\"es\",\"@id\":\"https:\/\/montserratcabre.com\/es\/#\/schema\/person\/image\/\",\"url\":\"https:\/\/secure.gravatar.com\/avatar\/a3532ecb1b95303e52d249d7430f1735?s=96&d=mm&r=g\",\"contentUrl\":\"https:\/\/secure.gravatar.com\/avatar\/a3532ecb1b95303e52d249d7430f1735?s=96&d=mm&r=g\",\"caption\":\"Jesus D&amp;DServeis\"},\"url\":\"https:\/\/montserratcabre.com\/es\/author\/admin-montserratcabre\/\"}]}<\/script>\n<!-- \/ Yoast SEO plugin. -->","yoast_head_json":{"title":"\u00bfQu\u00e9 es el frenillo sublingual?","description":"Frenillo sublingual: pliegue de tejido que va desde la lengua al suelo de la boca y que podemos ver si elevamos la lengua hacia el paladar","robots":{"index":"index","follow":"follow","max-snippet":"max-snippet:-1","max-image-preview":"max-image-preview:large","max-video-preview":"max-video-preview:-1"},"canonical":"https:\/\/montserratcabre.com\/es\/que-es-el-frenillo-sublingual\/","og_locale":"es_ES","og_type":"article","og_title":"\u00bfQu\u00e9 es el frenillo sublingual?","og_description":"Frenillo sublingual: pliegue de tejido que va desde la lengua al suelo de la boca y que podemos ver si elevamos la lengua hacia el paladar","og_url":"https:\/\/montserratcabre.com\/es\/que-es-el-frenillo-sublingual\/","og_site_name":"Montserrat Cabr\u00e9","article_publisher":"https:\/\/www.facebook.com\/pages\/category\/Massage-Therapist\/Centre-dOsteopatia-i-Salut-Montserrat-Cabr-770326176510135\/","article_published_time":"2022-09-28T08:53:10+00:00","article_modified_time":"2022-09-28T08:53:13+00:00","og_image":[{"width":1200,"height":675,"url":"https:\/\/montserratcabre.com\/wp-content\/uploads\/2022\/09\/Frenillo-Sublingual-Bebe.jpg","type":"image\/jpeg"}],"author":"Jesus D&amp;DServeis","twitter_card":"summary_large_image","twitter_misc":{"Escrito por":"Jesus D&amp;DServeis","Tiempo de lectura":"2 minutos"},"schema":{"@context":"https:\/\/schema.org","@graph":[{"@type":"Article","@id":"https:\/\/montserratcabre.com\/es\/que-es-el-frenillo-sublingual\/#article","isPartOf":{"@id":"https:\/\/montserratcabre.com\/es\/que-es-el-frenillo-sublingual\/"},"author":{"name":"Jesus D&amp;DServeis","@id":"https:\/\/montserratcabre.com\/es\/#\/schema\/person\/0bd12dedca6f473c166c8d097872ccee"},"headline":"\u00bfQu\u00e9 es el frenillo sublingual?","datePublished":"2022-09-28T08:53:10+00:00","dateModified":"2022-09-28T08:53:13+00:00","mainEntityOfPage":{"@id":"https:\/\/montserratcabre.com\/es\/que-es-el-frenillo-sublingual\/"},"wordCount":380,"commentCount":0,"publisher":{"@id":"https:\/\/montserratcabre.com\/es\/#organization"},"keywords":["centre-de-fisioterapia","centre-de-fisioterapia-montserrat-cabre","centro-de-fisioterapia-mataro","fisioterapia-mataro-3","fisioterapia-mataro-4","fisioterapia-pedriatica","frenillo sublingual","Frenillo sublingual corto","Frenillo sublingual corto y anquiloglosia","montserrat-cabre-fisioterapia"],"articleSection":["Fisioterapia","Sin categorizar"],"inLanguage":"es","potentialAction":[{"@type":"CommentAction","name":"Comment","target":["https:\/\/montserratcabre.com\/es\/que-es-el-frenillo-sublingual\/#respond"]}]},{"@type":"WebPage","@id":"https:\/\/montserratcabre.com\/es\/que-es-el-frenillo-sublingual\/","url":"https:\/\/montserratcabre.com\/es\/que-es-el-frenillo-sublingual\/","name":"\u00bfQu\u00e9 es el frenillo sublingual?","isPartOf":{"@id":"https:\/\/montserratcabre.com\/es\/#website"},"datePublished":"2022-09-28T08:53:10+00:00","dateModified":"2022-09-28T08:53:13+00:00","description":"Frenillo sublingual: pliegue de tejido que va desde la lengua al suelo de la boca y que podemos ver si elevamos la lengua hacia el paladar","breadcrumb":{"@id":"https:\/\/montserratcabre.com\/es\/que-es-el-frenillo-sublingual\/#breadcrumb"},"inLanguage":"es","potentialAction":[{"@type":"ReadAction","target":["https:\/\/montserratcabre.com\/es\/que-es-el-frenillo-sublingual\/"]}]},{"@type":"BreadcrumbList","@id":"https:\/\/montserratcabre.com\/es\/que-es-el-frenillo-sublingual\/#breadcrumb","itemListElement":[{"@type":"ListItem","position":1,"name":"Inici","item":"https:\/\/montserratcabre.com\/es\/"},{"@type":"ListItem","position":2,"name":"\u00bfQu\u00e9 es el frenillo sublingual?"}]},{"@type":"WebSite","@id":"https:\/\/montserratcabre.com\/es\/#website","url":"https:\/\/montserratcabre.com\/es\/","name":"Montserrat Cabr\u00e9","description":"Osteopatia, fisioter\u00e0pia i nutrici\u00f3","publisher":{"@id":"https:\/\/montserratcabre.com\/es\/#organization"},"potentialAction":[{"@type":"SearchAction","target":{"@type":"EntryPoint","urlTemplate":"https:\/\/montserratcabre.com\/es\/?s={search_term_string}"},"query-input":"required name=search_term_string"}],"inLanguage":"es"},{"@type":"Organization","@id":"https:\/\/montserratcabre.com\/es\/#organization","name":"Montserrat Cabr\u00e9","url":"https:\/\/montserratcabre.com\/es\/","sameAs":["https:\/\/www.instagram.com\/osteopatiamontserratcabre\/","https:\/\/www.facebook.com\/pages\/category\/Massage-Therapist\/Centre-dOsteopatia-i-Salut-Montserrat-Cabr-770326176510135\/"],"logo":{"@type":"ImageObject","inLanguage":"es","@id":"https:\/\/montserratcabre.com\/es\/#\/schema\/logo\/image\/","url":"https:\/\/montserratcabre.com\/wp-content\/uploads\/2019\/10\/Montserrat-Cabr\u00e8-Rich.jpg","contentUrl":"https:\/\/montserratcabre.com\/wp-content\/uploads\/2019\/10\/Montserrat-Cabr\u00e8-Rich.jpg","width":300,"height":300,"caption":"Montserrat Cabr\u00e9"},"image":{"@id":"https:\/\/montserratcabre.com\/es\/#\/schema\/logo\/image\/"}},{"@type":"Person","@id":"https:\/\/montserratcabre.com\/es\/#\/schema\/person\/0bd12dedca6f473c166c8d097872ccee","name":"Jesus D&amp;DServeis","image":{"@type":"ImageObject","inLanguage":"es","@id":"https:\/\/montserratcabre.com\/es\/#\/schema\/person\/image\/","url":"https:\/\/secure.gravatar.com\/avatar\/a3532ecb1b95303e52d249d7430f1735?s=96&d=mm&r=g","contentUrl":"https:\/\/secure.gravatar.com\/avatar\/a3532ecb1b95303e52d249d7430f1735?s=96&d=mm&r=g","caption":"Jesus D&amp;DServeis"},"url":"https:\/\/montserratcabre.com\/es\/author\/admin-montserratcabre\/"}]}},"amp_enabled":true,"_links":{"self":[{"href":"https:\/\/montserratcabre.com\/es\/wp-json\/wp\/v2\/posts\/1774\/"}],"collection":[{"href":"https:\/\/montserratcabre.com\/es\/wp-json\/wp\/v2\/posts\/"}],"about":[{"href":"https:\/\/montserratcabre.com\/es\/wp-json\/wp\/v2\/types\/post\/"}],"author":[{"embeddable":true,"href":"https:\/\/montserratcabre.com\/es\/wp-json\/wp\/v2\/users\/3\/"}],"replies":[{"embeddable":true,"href":"https:\/\/montserratcabre.com\/es\/wp-json\/wp\/v2\/comments\/?post=1774"}],"version-history":[{"count":2,"href":"https:\/\/montserratcabre.com\/es\/wp-json\/wp\/v2\/posts\/1774\/revisions\/"}],"predecessor-version":[{"id":1778,"href":"https:\/\/montserratcabre.com\/es\/wp-json\/wp\/v2\/posts\/1774\/revisions\/1778\/"}],"wp:featuredmedia":[{"embeddable":true,"href":"https:\/\/montserratcabre.com\/es\/wp-json\/wp\/v2\/media\/1776\/"}],"wp:attachment":[{"href":"https:\/\/montserratcabre.com\/es\/wp-json\/wp\/v2\/media\/?parent=1774"}],"wp:term":[{"taxonomy":"category","embeddable":true,"href":"https:\/\/montserratcabre.com\/es\/wp-json\/wp\/v2\/categories\/?post=1774"},{"taxonomy":"post_tag","embeddable":true,"href":"https:\/\/montserratcabre.com\/es\/wp-json\/wp\/v2\/tags\/?post=1774"}],"curies":[{"name":"wp","href":"https:\/\/api.w.org\/{rel}","templated":true}]}}