{"id":1808,"date":"2022-11-09T12:54:36","date_gmt":"2022-11-09T10:54:36","guid":{"rendered":"https:\/\/montserratcabre.com\/?p=1808"},"modified":"2022-11-09T13:00:27","modified_gmt":"2022-11-09T11:00:27","slug":"que-causa-la-sacroilitis-te-contamos-sus-sintomas-y-tratamientos","status":"publish","type":"post","link":"https:\/\/montserratcabre.com\/es\/que-causa-la-sacroilitis-te-contamos-sus-sintomas-y-tratamientos\/","title":{"rendered":"\u00bfQu\u00e9 causa la Sacroilitis? Te contamos sus s\u00edntomas y tratamientos"},"content":{"rendered":"<h4 class=\"box-intro-article\">La sacroilitis es una afecci\u00f3n inflamatoria que causa dolor y malestar en la espalda baja. Su abordaje temprano ofrece alivio r\u00e1pido de los s\u00edntomas.<\/h4>\n<p class=\"jsx-4098198752 c--grey-neutral-800\"><strong>Los dolores en la espalda baja son una causa com\u00fan de consulta m\u00e9dica a nivel mundial.<\/strong> Los or\u00edgenes de la lumbalgia son muy variados y van desde afecciones en los \u00f3rganos internos hasta problemas en los huesos y las articulaciones. A continuaci\u00f3n te contamos todo lo que debes saber de la sacroilitis.<\/p>\n<p class=\"jsx-4098198752 c--grey-neutral-800\">Cuando hablamos de sacroilitis nos referimos a la <strong>inflamaci\u00f3n de la articulaci\u00f3n sacroiliaca.<\/strong> Existen dos articulaciones de este tipo y se ubican en la parte m\u00e1s baja de la espalda.<\/p>\n<p class=\"jsx-4098198752 c--grey-neutral-800\">Las mismas se encargan de unir a cada lado el hueso sacro de la columna con los huesos iliacos de la pelvis. Su funci\u00f3n es compensar la presi\u00f3n de las piernas durante el movimiento y la carga del cuerpo al estar de pie.<\/p>\n<p class=\"jsx-4098198752 c--grey-neutral-800\">Este proceso inflamatorio no solo compromete las estructuras ubicadas en la articulaci\u00f3n, sino que adem\u00e1s afecta a los ligamentos, los m\u00fasculos y los nervios que est\u00e1n alrededor. Las causas son m\u00faltiples y se asocian a una sobrecarga excesiva de la articulaci\u00f3n.<\/p>\n<h2 id=\"sintomas-de-la-sacroilitis\" class=\"jsx-3692753319 jsx-2566528898 c--main-600  mt--x-big pt--normal\">S\u00edntomas de la sacroilitis<\/h2>\n<p class=\"jsx-4098198752 c--grey-neutral-800\">En la actualidad, <a class=\"jsx-151512268 jsx-951308518 default-a-link is--underline c--secondary-600 is--underline\" href=\"https:\/\/scielo.isciii.es\/pdf\/dolor\/v15n3\/revision2.pdf\" target=\"_blank\" rel=\"noopener\" data-with-google-events=\"true\" data-google-events=\"{&quot;data&quot;:{&quot;action&quot;:&quot;click&quot;,&quot;category&quot;:&quot;Content&quot;,&quot;label&quot;:&quot;Related \/sacroilitis\/&quot;,&quot;value&quot;:&quot;https:\/\/scielo.isciii.es\/pdf\/dolor\/v15n3\/revision2.pdf&quot;}}\">estudios<\/a> estiman una prevalencia de sacroilitis que va desde un 23 % hasta 63%, <strong>siendo m\u00e1s frecuente en adultos mayores<\/strong>. En general, afecta una de las articulaciones sacroiliacas, con molestias del lado derecho en el 45 % de los casos y del lado izquierdo en el 35 %.<\/p>\n<blockquote class=\"jsx-1814384145 blockquote__in-text bc--secondary-50 ptb--x-big pr--big c--main-900 \">El compromiso en ambos lados ocurre hasta en un 20 % de las personas.<\/blockquote>\n<p class=\"jsx-4098198752 c--grey-neutral-800\">La sacroilitis suele presentarse como un <strong>dolor continuo, localizado y persistente en la espalda baja<\/strong>. El mismo puede extenderse a los gl\u00fateos, la ingle y a la parte posterior de una o ambas piernas, sin alcanzar las rodillas. Se describe como opresivo, sordo y quemante.<\/p>\n<div id=\"ad-slot-zph8vnz770\" class=\"ad-slot\" data-type=\"box\" data-targets-locale=\"es\" data-targets-section=\"single\" data-targets-vertical=\"health\">\n<div id=\"2bb35073-a6e3-4e9c-a108-25b2a9c9b7fb\" class=\"ads-box ads_box_container bc--grey-neutral-50 ads__medium d--flex jc--center jsx-1377820351\" data-ads-box=\"true\">\n<div class=\"ads-box__children jsx-1377820351 ad-label-text pb--x-medium p--relative d--flex jc--flex-start ai--center fd--column ad-slot-container\">\n<div id=\"ad-slot-zph8vnz770-slot\" class=\"ad-template-sticky\" data-gpid=\"\/7120678\/mcontigo\/mejorconsalud.com#box#2\" data-google-query-id=\"CJGbx9L2oPsCFZnJ1QodZ2QAIg\">\n<div id=\"google_ads_iframe_\/7120678\/mcontigo\/mejorconsalud.com_4__container__\">\u00a0<\/div>\n<\/div>\n<\/div>\n<\/div>\n<\/div>\n<p class=\"jsx-4098198752 c--grey-neutral-800\">De igual forma, esta molestia suele intensificarse al estar de pie por largo periodo de tiempo, subir escaleras, correr y caminar sobre superficies irregulares. Disminuye al sentarse, no obstante, en casos avanzados el dolor aparece incluso en reposo.<\/p>\n<p class=\"jsx-4098198752 c--grey-neutral-800\"><strong>Las molestias se presentan en las primeras horas de la ma\u00f1ana,<\/strong> acompa\u00f1adas de tensi\u00f3n lumbar y rigidez de la articulaci\u00f3n. Por lo general, la rigidez matutina en la sacroilitis diminuye a lo largo del d\u00eda con el <a class=\"jsx-151512268 jsx-951308518 default-a-link is--underline c--secondary-600 is--underline\" href=\"https:\/\/mejorconsalud.as.com\/importancia-movilidad-articular\/\" target=\"_self\" rel=\"noopener\" data-with-google-events=\"true\" data-google-events=\"{&quot;data&quot;:{&quot;action&quot;:&quot;click&quot;,&quot;category&quot;:&quot;Content&quot;,&quot;label&quot;:&quot;Related \/sacroilitis\/&quot;,&quot;value&quot;:&quot;https:\/\/mejorconsalud.as.com\/importancia-movilidad-articular\/&quot;}}\">movimiento<\/a>.<\/p>\n<figure class=\"jsx-3169001601 figure jsx-1004178871 is--full-width  mt--normal mb--normal p--relative\">\n<div class=\"jsx-3169001601 image__container jsx-1004178871\">\n<div class=\" LazyImage image__size\"><img class=\"figure__image jsx-1004178871 w--100 h--100 d--block p--relative\" title=\"\" src=\"https:\/\/mejorconsalud.as.com\/wp-content\/uploads\/2020\/10\/anciano-dolor-lumbalgia.jpg?auto=webp&amp;quality=45&amp;width=1920&amp;crop=16:9,smart,safe\" sizes=\"100vw\" srcset=\"https:\/\/mejorconsalud.as.com\/wp-content\/uploads\/2020\/10\/anciano-dolor-lumbalgia.jpg?auto=webp&amp;quality=45&amp;width=384&amp;crop=16:9,smart,safe 384w, https:\/\/mejorconsalud.as.com\/wp-content\/uploads\/2020\/10\/anciano-dolor-lumbalgia.jpg?auto=webp&amp;quality=45&amp;width=640&amp;crop=16:9,smart,safe 640w, https:\/\/mejorconsalud.as.com\/wp-content\/uploads\/2020\/10\/anciano-dolor-lumbalgia.jpg?auto=webp&amp;quality=45&amp;width=750&amp;crop=16:9,smart,safe 750w, https:\/\/mejorconsalud.as.com\/wp-content\/uploads\/2020\/10\/anciano-dolor-lumbalgia.jpg?auto=webp&amp;quality=45&amp;width=828&amp;crop=16:9,smart,safe 828w, https:\/\/mejorconsalud.as.com\/wp-content\/uploads\/2020\/10\/anciano-dolor-lumbalgia.jpg?auto=webp&amp;quality=45&amp;width=1080&amp;crop=16:9,smart,safe 1080w, https:\/\/mejorconsalud.as.com\/wp-content\/uploads\/2020\/10\/anciano-dolor-lumbalgia.jpg?auto=webp&amp;quality=45&amp;width=1200&amp;crop=16:9,smart,safe 1200w, https:\/\/mejorconsalud.as.com\/wp-content\/uploads\/2020\/10\/anciano-dolor-lumbalgia.jpg?auto=webp&amp;quality=45&amp;width=1920&amp;crop=16:9,smart,safe 1920w\" alt=\"Sacroilitis en un adulto mayor.\" data-nimg=\"fill\" \/><\/div>\n<\/div>\n<figcaption class=\"jsx-3169001601 ff--sans bc--grey-cold-50 c--grey-cold-500 p--normal lh--1-5\">A mayor edad, se incrementa el riesgo de padecer sacroilitis.<\/figcaption>\n<\/figure>\n<h2 id=\"causas\" class=\"jsx-3692753319 jsx-2566528898 c--main-600  mt--x-big pt--normal\">Causas<\/h2>\n<p class=\"jsx-4098198752 c--grey-neutral-800\"><strong>La sobrecarga f\u00edsica y las fuerzas repetitivas de compresi\u00f3n y tracci\u00f3n sobre al aparato articular son las principales causas<\/strong> de sacroilitis, seg\u00fan <a class=\"jsx-151512268 jsx-951308518 default-a-link is--underline c--secondary-600 is--underline\" href=\"http:\/\/www.scielo.org.ar\/scielo.php?pid=S2362-36752016000200004&amp;script=sci_arttext&amp;tlng=es\" target=\"_blank\" rel=\"noopener\" data-with-google-events=\"true\" data-google-events=\"{&quot;data&quot;:{&quot;action&quot;:&quot;click&quot;,&quot;category&quot;:&quot;Content&quot;,&quot;label&quot;:&quot;Related \/sacroilitis\/&quot;,&quot;value&quot;:&quot;http:\/\/www.scielo.org.ar\/scielo.php?pid=S2362-36752016000200004&amp;script=sci_arttext&amp;tlng=es&quot;}}\">estudios cient\u00edficos<\/a>. El compromiso ligamentario, \u00f3seo y cartilaginoso promueve la liberaci\u00f3n de sustancias qu\u00edmicas que estimulan a los receptores de dolor.<\/p>\n<p class=\"jsx-4098198752 c--grey-neutral-800\">Dentro de las causas m\u00e1s comunes encontramos las siguientes:<\/p>\n<ul class=\"jsx-1463435145 list-on-content mlr--x-big mtb--big c--grey-neutral-800 lh--1-8 ff--serif lst--disc\">\n<li>Osteoartritis.<\/li>\n<li>Traumatismos repetitivos.<\/li>\n<li><a class=\"jsx-151512268 jsx-951308518 default-a-link is--underline c--secondary-600 is--underline\" href=\"https:\/\/mejorconsalud.as.com\/dieta-recomendaciones-espondilitis-anquilosante\/\" target=\"_self\" rel=\"noopener\" data-with-google-events=\"true\" data-google-events=\"{&quot;data&quot;:{&quot;action&quot;:&quot;click&quot;,&quot;category&quot;:&quot;Content&quot;,&quot;label&quot;:&quot;Related \/sacroilitis\/&quot;,&quot;value&quot;:&quot;https:\/\/mejorconsalud.as.com\/dieta-recomendaciones-espondilitis-anquilosante\/&quot;}}\">Espondilitis anquilosante<\/a>.<\/li>\n<li>Dismetr\u00eda entre las piernas.<\/li>\n<li>Infecciones articulares.<\/li>\n<li>Deformidad del hueso sacro.<\/li>\n<li>Ca\u00eddas y accidentes automovil\u00edsticos.<\/li>\n<li>Debilidad de m\u00fasculos abdominales y gl\u00fateos.<\/li>\n<\/ul>\n<p class=\"jsx-4098198752 c--grey-neutral-800\">Por otro lado, <strong>durante el embarazo se producen cambios en el cuerpo de la mujer que pueden originar sacroilitis<\/strong>. Esto es resultado de la relajaci\u00f3n de los ligamentos que estabilizan la articulaci\u00f3n, sumado al aumento de peso y la alteraci\u00f3n de la marcha.<\/p>\n<div id=\"ad-slot-1xlc4x8l17\" class=\"ad-slot\" data-type=\"box\" data-targets-locale=\"es\" data-targets-section=\"single\" data-targets-vertical=\"health\">\n<div id=\"2bb35073-a6e3-4e9c-a108-25b2a9c9b7fb\" class=\"ads-box ads_box_container bc--grey-neutral-50 ads__medium d--flex jc--center jsx-1377820351\" data-ads-box=\"true\">\n<div class=\"ads-box__children jsx-1377820351 ad-label-text pb--x-medium p--relative d--flex jc--flex-start ai--center fd--column ad-slot-container\">\n<div id=\"ad-slot-1xlc4x8l17-slot\" class=\"ad-template-sticky\" data-gpid=\"\/7120678\/mcontigo\/mejorconsalud.com#box#4\" data-google-query-id=\"CJXMyNP2oPsCFdSY1Qodk_wHGA\">\n<h2 id=\"google_ads_iframe_\/7120678\/mcontigo\/mejorconsalud.com_7__container__\"><strong>Factores de riesgo<\/strong><\/h2>\n<\/div>\n<\/div>\n<\/div>\n<\/div>\n<p class=\"jsx-4098198752 c--grey-neutral-800\"><strong>La inflamaci\u00f3n sacroiliaca es m\u00e1s com\u00fan en hombres de edad avanzada<\/strong>. De igual forma, las siguientes condiciones aumentan el riesgo:<\/p>\n<ul class=\"jsx-1463435145 list-on-content mlr--x-big mtb--big c--grey-neutral-800 lh--1-8 ff--serif lst--disc\">\n<li>Mala postura.<\/li>\n<li><a class=\"jsx-151512268 jsx-951308518 default-a-link is--underline c--secondary-600 is--underline\" href=\"https:\/\/mejorconsalud.as.com\/dieta-contra-el-sobrepeso-alimentos-recomendados\/\" target=\"_self\" rel=\"noopener\" data-with-google-events=\"true\" data-google-events=\"{&quot;data&quot;:{&quot;action&quot;:&quot;click&quot;,&quot;category&quot;:&quot;Content&quot;,&quot;label&quot;:&quot;Related \/sacroilitis\/&quot;,&quot;value&quot;:&quot;https:\/\/mejorconsalud.as.com\/dieta-contra-el-sobrepeso-alimentos-recomendados\/&quot;}}\">Sobrepeso<\/a> u obesidad.<\/li>\n<li>Cargar objetos pesados.<\/li>\n<li>Fracturas y luxaciones previas.<\/li>\n<li>Alteraciones de la alineaci\u00f3n de la columna, como la hiperlordosis y la <a class=\"jsx-151512268 jsx-951308518 default-a-link is--underline c--secondary-600 is--underline\" href=\"https:\/\/mejorconsalud.as.com\/escoliosis-ejercicios-prohibidos\/\" target=\"_self\" rel=\"noopener\" data-with-google-events=\"true\" data-google-events=\"{&quot;data&quot;:{&quot;action&quot;:&quot;click&quot;,&quot;category&quot;:&quot;Content&quot;,&quot;label&quot;:&quot;Related \/sacroilitis\/&quot;,&quot;value&quot;:&quot;https:\/\/mejorconsalud.as.com\/escoliosis-ejercicios-prohibidos\/&quot;}}\">escoliosis<\/a>.<\/li>\n<\/ul>\n<h2 id=\"como-se-diagnostica\" class=\"jsx-3692753319 jsx-2566528898 c--main-600  mt--x-big pt--normal\">\u00bfC\u00f3mo se diagnostica?<\/h2>\n<p class=\"jsx-4098198752 c--grey-neutral-800\">En la mayor\u00eda de los casos, <strong>el diagn\u00f3stico se realiza mediante la valoraci\u00f3n cl\u00ednica por un profesional de salud<\/strong>. El m\u00e9dico consultar\u00e1 el inicio de los s\u00edntomas, la forma de presentaci\u00f3n y las situaciones que desencadenan el dolor. Durante el examen f\u00edsico se inspeccionar\u00e1 y palpar\u00e1 la espalda baja.<\/p>\n<p class=\"jsx-4098198752 c--grey-neutral-800\">Es habitual que el especialista valore la fuerza muscular y la movilidad de la columna lumbar y sacra. Adem\u00e1s, puede aplicar diferentes pruebas, como el test de Gaenslen y Patrick.<\/p>\n<p class=\"jsx-4098198752 c--grey-neutral-800\">Por otro lado, es posible que <strong>se indique la realizaci\u00f3n de estudios adicionales y pruebas de imagen<\/strong> para confirmar el diagn\u00f3stico. La radiograf\u00eda y la <a class=\"jsx-151512268 jsx-951308518 default-a-link is--underline c--secondary-600 is--underline\" href=\"https:\/\/mejorconsalud.as.com\/que-es-una-resonancia-magnetica\/\" target=\"_self\" rel=\"noopener\" data-with-google-events=\"true\" data-google-events=\"{&quot;data&quot;:{&quot;action&quot;:&quot;click&quot;,&quot;category&quot;:&quot;Content&quot;,&quot;label&quot;:&quot;Related \/sacroilitis\/&quot;,&quot;value&quot;:&quot;https:\/\/mejorconsalud.as.com\/que-es-una-resonancia-magnetica\/&quot;}}\">resonancia magn\u00e9tica<\/a> de pelvis y columna suelen arrojar datos de inter\u00e9s sobre el compromiso articular. De igual forma, la inyecci\u00f3n de anest\u00e9sicos con respuesta positiva permite identificar el origen.<\/p>\n<figure class=\"jsx-3169001601 figure jsx-1004178871 is--full-width  mt--normal mb--normal p--relative\">\n<div class=\"jsx-3169001601 image__container jsx-1004178871\">\n<div class=\" LazyImage image__size\"><img class=\"figure__image jsx-1004178871 w--100 h--100 d--block p--relative\" title=\"\" src=\"https:\/\/mejorconsalud.as.com\/wp-content\/uploads\/2019\/04\/enfermedad-degenerativa-discos-radiografia.jpg?auto=webp&amp;quality=45&amp;width=1920&amp;crop=16:9,smart,safe\" sizes=\"100vw\" srcset=\"https:\/\/mejorconsalud.as.com\/wp-content\/uploads\/2019\/04\/enfermedad-degenerativa-discos-radiografia.jpg?auto=webp&amp;quality=45&amp;width=384&amp;crop=16:9,smart,safe 384w, https:\/\/mejorconsalud.as.com\/wp-content\/uploads\/2019\/04\/enfermedad-degenerativa-discos-radiografia.jpg?auto=webp&amp;quality=45&amp;width=640&amp;crop=16:9,smart,safe 640w, https:\/\/mejorconsalud.as.com\/wp-content\/uploads\/2019\/04\/enfermedad-degenerativa-discos-radiografia.jpg?auto=webp&amp;quality=45&amp;width=750&amp;crop=16:9,smart,safe 750w, https:\/\/mejorconsalud.as.com\/wp-content\/uploads\/2019\/04\/enfermedad-degenerativa-discos-radiografia.jpg?auto=webp&amp;quality=45&amp;width=828&amp;crop=16:9,smart,safe 828w, https:\/\/mejorconsalud.as.com\/wp-content\/uploads\/2019\/04\/enfermedad-degenerativa-discos-radiografia.jpg?auto=webp&amp;quality=45&amp;width=1080&amp;crop=16:9,smart,safe 1080w, https:\/\/mejorconsalud.as.com\/wp-content\/uploads\/2019\/04\/enfermedad-degenerativa-discos-radiografia.jpg?auto=webp&amp;quality=45&amp;width=1200&amp;crop=16:9,smart,safe 1200w, https:\/\/mejorconsalud.as.com\/wp-content\/uploads\/2019\/04\/enfermedad-degenerativa-discos-radiografia.jpg?auto=webp&amp;quality=45&amp;width=1920&amp;crop=16:9,smart,safe 1920w\" alt=\"Radiograf\u00eda de columna para la sacroilitis.\" data-nimg=\"fill\" \/><\/div>\n<\/div>\n<figcaption class=\"jsx-3169001601 ff--sans bc--grey-cold-50 c--grey-cold-500 p--normal lh--1-5\">Las pruebas de imagen revelan si hay alteraciones anat\u00f3micas en la columna y en las caderas que expliquen el dolor.<\/figcaption>\n<\/figure>\n<h2 id=\"tratamiento-de-la-sacroilitis\" class=\"jsx-3692753319 jsx-2566528898 c--main-600  mt--x-big pt--normal\">Tratamiento de la sacroilitis<\/h2>\n<p class=\"jsx-4098198752 c--grey-neutral-800\"><strong>El plan terap\u00e9utico de la sacroilitis depende de la causa subyacente<\/strong> y de la gravedad de los s\u00edntomas. En casos leves, el m\u00e9dico suele indicar el uso de analg\u00e9sicos, relajantes musculares y <a class=\"jsx-151512268 jsx-951308518 default-a-link is--underline c--secondary-600 is--underline\" href=\"https:\/\/mejorconsalud.as.com\/antiinflamatorios-no-esteroideos-2\/\" target=\"_self\" rel=\"noopener\" data-with-google-events=\"true\" data-google-events=\"{&quot;data&quot;:{&quot;action&quot;:&quot;click&quot;,&quot;category&quot;:&quot;Content&quot;,&quot;label&quot;:&quot;Related \/sacroilitis\/&quot;,&quot;value&quot;:&quot;https:\/\/mejorconsalud.as.com\/antiinflamatorios-no-esteroideos-2\/&quot;}}\">antiinflamatorios no esteroideos<\/a> (AINEs). Adem\u00e1s, la ortesis en cintur\u00f3n permite sustentar la alineaci\u00f3n p\u00e9lvica y estabilizar la articulaci\u00f3n.<\/p>\n<p class=\"jsx-4098198752 c--grey-neutral-800\">La fisioterapia juega un papel fundamental en el manejo de la sacroilitis. La misma ofrece ejercicios de movimiento y elongaci\u00f3n que fortalecen, estabilizan y mejoran la flexibilidad.<\/p>\n<p class=\"jsx-4098198752 c--grey-neutral-800\">Otras recomendaciones incluyen el descanso relativo, evitando esfuerzos excesivos, y la aplicaci\u00f3n de terapia alternante con calor y fr\u00edo.<\/p>\n<p class=\"jsx-4098198752 c--grey-neutral-800\">Si las molestias persisten, se pueden realizar inyecciones intraarticulares con corticosteroides para aliviar el dolor y reducir la inflamaci\u00f3n. En casos graves es necesaria la correcci\u00f3n quir\u00fargica mediante los siguientes procedimientos:<\/p>\n<ul class=\"jsx-1463435145 list-on-content mlr--x-big mtb--big c--grey-neutral-800 lh--1-8 ff--serif lst--disc\">\n<li><strong>Artrodesis:<\/strong> se une permanente la articulaci\u00f3n sacroiliaca con varillas de titanio.<\/li>\n<li><strong>Denervaci\u00f3n por radiofrecuencia:<\/strong> se eliminan las v\u00edas nerviosas que transmiten el dolor.<\/li>\n<li><strong>Implantaci\u00f3n de estimulador el\u00e9ctrico:<\/strong> se fija un dispositivo en el sacro que reduce la transmisi\u00f3n del dolor.<\/li>\n<\/ul>\n<h2 class=\"jsx-4098198752 c--grey-neutral-800  fs--normal ff--serif lh--2\">\u00bfEs posible prevenir la sacroilitis?<\/h2>\n<p class=\"jsx-4098198752 c--grey-neutral-800\">La sacroilitis es una afecci\u00f3n dolorosa bastante com\u00fan en personas de edad avanzada. En general, se puede frenar la aparici\u00f3n de esta condici\u00f3n y reducir el riesgo de desarrollarla con algunos cambios en nuestro estilo de vida:<\/p>\n<ul class=\"jsx-1463435145 list-on-content mlr--x-big mtb--big c--grey-neutral-800 lh--1-8 ff--serif lst--disc\">\n<li>Mantener un peso saludable.<\/li>\n<li>Evitar el sedentarismo.<\/li>\n<li>Realizar ejercicios de estiramiento y bajo impacto articular.<\/li>\n<\/ul>\n<div id=\"ad-slot-4feweiwahb\" class=\"ad-slot\" data-type=\"box\" data-targets-locale=\"es\" data-targets-section=\"single\" data-targets-vertical=\"health\">\n<div id=\"2bb35073-a6e3-4e9c-a108-25b2a9c9b7fb\" class=\"ads-box ads_box_container bc--grey-neutral-50 ads__medium d--flex jc--center jsx-1377820351\" data-ads-box=\"true\">\n<div class=\"ads-box__children jsx-1377820351 ad-label-text pb--x-medium p--relative d--flex jc--flex-start ai--center fd--column ad-slot-container\">\u00a0<\/div>\n<\/div>\n<\/div>\n<p class=\"jsx-4098198752 c--grey-neutral-800\">De igual manera, <strong>es recomendable acudir a consulta con un especialista en reumatolog\u00eda<\/strong> ante la sospecha de una sacroilitis. Los m\u00e9dicos son los \u00fanicos capacitados para atender esta enfermedad y brindar la mejor gu\u00eda.<\/p>\n\n\n<p>Fuente: <a href=\"https:\/\/mejorconsalud.as.com\/sacroilitis\/\">https:\/\/mejorconsalud.as.com<\/a><\/p>\n\n\n\n<h1>Osteopat\u00eda en Matar\u00f3<\/h1>\n\n\n\n<figure class=\"wp-block-image size-full\"><img src=\"https:\/\/montserratcabre.com\/wp-content\/uploads\/2019\/02\/forma4.svg\" alt=\"\" class=\"wp-image-220\"\/><\/figure>\n\n\n\n<p><strong>La osteopat\u00eda utilitza la terapia manual para corregir i restablecer les funciones del organismo, as\u00ed mejorar la salud y el bienestar de las persones<\/strong>.<\/p>\n\n\n\n<div class=\"wp-container-1 wp-block-buttons\">\n<div class=\"wp-block-button\"><a class=\"wp-block-button__link has-luminous-vivid-amber-to-luminous-vivid-orange-gradient-background has-background\" href=\"https:\/\/montserratcabre.com\/es\/contacto\/\"><strong>M\u00c1S INFORMACI\u00d3N<\/strong><\/a><\/div>\n<\/div>\n","protected":false},"excerpt":{"rendered":"<p>Sacroilitis: causas, s\u00edntomas y tratamientos<\/p>\n","protected":false},"author":3,"featured_media":1811,"comment_status":"open","ping_status":"open","sticky":false,"template":"","format":"standard","meta":{"inline_featured_image":false,"_joinchat":[]},"categories":[17,15,8],"tags":[211,109,57,58,35,38,112,28,76,52,27,210,212,213],"yoast_head":"<!-- This site is optimized with the Yoast SEO plugin v19.7.1 - https:\/\/yoast.com\/wordpress\/plugins\/seo\/ -->\n<title>Sacroilitis: causas, s\u00edntomas y tratamientos<\/title>\n<meta name=\"description\" content=\"El abordaje temprano de la Sacroilitis ofrece alivio r\u00e1pido de los s\u00edntomas | Centro de Osteopatia y Salud Montserrat Cabr\u00e9\" \/>\n<meta name=\"robots\" content=\"index, follow, max-snippet:-1, max-image-preview:large, max-video-preview:-1\" \/>\n<link rel=\"canonical\" href=\"https:\/\/montserratcabre.com\/es\/que-causa-la-sacroilitis-te-contamos-sus-sintomas-y-tratamientos\/\" \/>\n<meta property=\"og:locale\" content=\"es_ES\" \/>\n<meta property=\"og:type\" content=\"article\" \/>\n<meta property=\"og:title\" content=\"Sacroilitis: causas, s\u00edntomas y tratamientos\" \/>\n<meta property=\"og:description\" content=\"El abordaje temprano de la Sacroilitis ofrece alivio r\u00e1pido de los s\u00edntomas | Centro de Osteopatia y Salud Montserrat Cabr\u00e9\" \/>\n<meta property=\"og:url\" content=\"https:\/\/montserratcabre.com\/es\/que-causa-la-sacroilitis-te-contamos-sus-sintomas-y-tratamientos\/\" \/>\n<meta property=\"og:site_name\" content=\"Montserrat Cabr\u00e9\" \/>\n<meta property=\"article:publisher\" content=\"https:\/\/www.facebook.com\/pages\/category\/Massage-Therapist\/Centre-dOsteopatia-i-Salut-Montserrat-Cabr-770326176510135\/\" \/>\n<meta property=\"article:published_time\" content=\"2022-11-09T10:54:36+00:00\" \/>\n<meta property=\"article:modified_time\" content=\"2022-11-09T11:00:27+00:00\" \/>\n<meta property=\"og:image\" content=\"https:\/\/montserratcabre.com\/wp-content\/uploads\/2022\/11\/sacroilitis.jpg\" \/>\n\t<meta property=\"og:image:width\" content=\"1254\" \/>\n\t<meta property=\"og:image:height\" content=\"836\" \/>\n\t<meta property=\"og:image:type\" content=\"image\/jpeg\" \/>\n<meta name=\"author\" content=\"Jesus D&amp;DServeis\" \/>\n<meta name=\"twitter:card\" content=\"summary_large_image\" \/>\n<meta name=\"twitter:label1\" content=\"Escrito por\" \/>\n\t<meta name=\"twitter:data1\" content=\"Jesus D&amp;DServeis\" \/>\n\t<meta name=\"twitter:label2\" content=\"Tiempo de lectura\" \/>\n\t<meta name=\"twitter:data2\" content=\"7 minutos\" \/>\n<script type=\"application\/ld+json\" class=\"yoast-schema-graph\">{\"@context\":\"https:\/\/schema.org\",\"@graph\":[{\"@type\":\"Article\",\"@id\":\"https:\/\/montserratcabre.com\/es\/que-causa-la-sacroilitis-te-contamos-sus-sintomas-y-tratamientos\/#article\",\"isPartOf\":{\"@id\":\"https:\/\/montserratcabre.com\/es\/que-causa-la-sacroilitis-te-contamos-sus-sintomas-y-tratamientos\/\"},\"author\":{\"name\":\"Jesus D&amp;DServeis\",\"@id\":\"https:\/\/montserratcabre.com\/es\/#\/schema\/person\/0bd12dedca6f473c166c8d097872ccee\"},\"headline\":\"\u00bfQu\u00e9 causa la Sacroilitis? Te contamos sus s\u00edntomas y tratamientos\",\"datePublished\":\"2022-11-09T10:54:36+00:00\",\"dateModified\":\"2022-11-09T11:00:27+00:00\",\"mainEntityOfPage\":{\"@id\":\"https:\/\/montserratcabre.com\/es\/que-causa-la-sacroilitis-te-contamos-sus-sintomas-y-tratamientos\/\"},\"wordCount\":1109,\"commentCount\":0,\"publisher\":{\"@id\":\"https:\/\/montserratcabre.com\/es\/#organization\"},\"keywords\":[\"causas sacroilits\",\"centre de fisioterapia a mataro\",\"fisioterapeuta\",\"fisioterapeuta mataro\",\"fisioterapia en matar\u00f3\",\"fisioter\u00e0pia matar\u00f3\",\"fisioterapia matar\u00f3\",\"montserrat cabre\",\"Montserrat Cabre fisioterapia\",\"osteopata mataro\",\"osteopatia mataro\",\"sacroilitis\",\"sintomas sacroilits\",\"tratamientos sacroilitis\"],\"articleSection\":[\"Fisioterapia\",\"Osteopatia\",\"Sin categorizar\"],\"inLanguage\":\"es\",\"potentialAction\":[{\"@type\":\"CommentAction\",\"name\":\"Comment\",\"target\":[\"https:\/\/montserratcabre.com\/es\/que-causa-la-sacroilitis-te-contamos-sus-sintomas-y-tratamientos\/#respond\"]}]},{\"@type\":\"WebPage\",\"@id\":\"https:\/\/montserratcabre.com\/es\/que-causa-la-sacroilitis-te-contamos-sus-sintomas-y-tratamientos\/\",\"url\":\"https:\/\/montserratcabre.com\/es\/que-causa-la-sacroilitis-te-contamos-sus-sintomas-y-tratamientos\/\",\"name\":\"Sacroilitis: causas, s\u00edntomas y tratamientos\",\"isPartOf\":{\"@id\":\"https:\/\/montserratcabre.com\/es\/#website\"},\"datePublished\":\"2022-11-09T10:54:36+00:00\",\"dateModified\":\"2022-11-09T11:00:27+00:00\",\"description\":\"El abordaje temprano de la Sacroilitis ofrece alivio r\u00e1pido de los s\u00edntomas | Centro de Osteopatia y Salud Montserrat Cabr\u00e9\",\"breadcrumb\":{\"@id\":\"https:\/\/montserratcabre.com\/es\/que-causa-la-sacroilitis-te-contamos-sus-sintomas-y-tratamientos\/#breadcrumb\"},\"inLanguage\":\"es\",\"potentialAction\":[{\"@type\":\"ReadAction\",\"target\":[\"https:\/\/montserratcabre.com\/es\/que-causa-la-sacroilitis-te-contamos-sus-sintomas-y-tratamientos\/\"]}]},{\"@type\":\"BreadcrumbList\",\"@id\":\"https:\/\/montserratcabre.com\/es\/que-causa-la-sacroilitis-te-contamos-sus-sintomas-y-tratamientos\/#breadcrumb\",\"itemListElement\":[{\"@type\":\"ListItem\",\"position\":1,\"name\":\"Inici\",\"item\":\"https:\/\/montserratcabre.com\/es\/\"},{\"@type\":\"ListItem\",\"position\":2,\"name\":\"\u00bfQu\u00e9 causa la Sacroilitis? Te contamos sus s\u00edntomas y tratamientos\"}]},{\"@type\":\"WebSite\",\"@id\":\"https:\/\/montserratcabre.com\/es\/#website\",\"url\":\"https:\/\/montserratcabre.com\/es\/\",\"name\":\"Montserrat Cabr\u00e9\",\"description\":\"Osteopatia, fisioter\u00e0pia i nutrici\u00f3\",\"publisher\":{\"@id\":\"https:\/\/montserratcabre.com\/es\/#organization\"},\"potentialAction\":[{\"@type\":\"SearchAction\",\"target\":{\"@type\":\"EntryPoint\",\"urlTemplate\":\"https:\/\/montserratcabre.com\/es\/?s={search_term_string}\"},\"query-input\":\"required name=search_term_string\"}],\"inLanguage\":\"es\"},{\"@type\":\"Organization\",\"@id\":\"https:\/\/montserratcabre.com\/es\/#organization\",\"name\":\"Montserrat Cabr\u00e9\",\"url\":\"https:\/\/montserratcabre.com\/es\/\",\"sameAs\":[\"https:\/\/www.instagram.com\/osteopatiamontserratcabre\/\",\"https:\/\/www.facebook.com\/pages\/category\/Massage-Therapist\/Centre-dOsteopatia-i-Salut-Montserrat-Cabr-770326176510135\/\"],\"logo\":{\"@type\":\"ImageObject\",\"inLanguage\":\"es\",\"@id\":\"https:\/\/montserratcabre.com\/es\/#\/schema\/logo\/image\/\",\"url\":\"https:\/\/montserratcabre.com\/wp-content\/uploads\/2019\/10\/Montserrat-Cabr\u00e8-Rich.jpg\",\"contentUrl\":\"https:\/\/montserratcabre.com\/wp-content\/uploads\/2019\/10\/Montserrat-Cabr\u00e8-Rich.jpg\",\"width\":300,\"height\":300,\"caption\":\"Montserrat Cabr\u00e9\"},\"image\":{\"@id\":\"https:\/\/montserratcabre.com\/es\/#\/schema\/logo\/image\/\"}},{\"@type\":\"Person\",\"@id\":\"https:\/\/montserratcabre.com\/es\/#\/schema\/person\/0bd12dedca6f473c166c8d097872ccee\",\"name\":\"Jesus D&amp;DServeis\",\"image\":{\"@type\":\"ImageObject\",\"inLanguage\":\"es\",\"@id\":\"https:\/\/montserratcabre.com\/es\/#\/schema\/person\/image\/\",\"url\":\"https:\/\/secure.gravatar.com\/avatar\/a3532ecb1b95303e52d249d7430f1735?s=96&d=mm&r=g\",\"contentUrl\":\"https:\/\/secure.gravatar.com\/avatar\/a3532ecb1b95303e52d249d7430f1735?s=96&d=mm&r=g\",\"caption\":\"Jesus D&amp;DServeis\"},\"url\":\"https:\/\/montserratcabre.com\/es\/author\/admin-montserratcabre\/\"}]}<\/script>\n<!-- \/ Yoast SEO plugin. -->","yoast_head_json":{"title":"Sacroilitis: causas, s\u00edntomas y tratamientos","description":"El abordaje temprano de la Sacroilitis ofrece alivio r\u00e1pido de los s\u00edntomas | Centro de Osteopatia y Salud Montserrat Cabr\u00e9","robots":{"index":"index","follow":"follow","max-snippet":"max-snippet:-1","max-image-preview":"max-image-preview:large","max-video-preview":"max-video-preview:-1"},"canonical":"https:\/\/montserratcabre.com\/es\/que-causa-la-sacroilitis-te-contamos-sus-sintomas-y-tratamientos\/","og_locale":"es_ES","og_type":"article","og_title":"Sacroilitis: causas, s\u00edntomas y tratamientos","og_description":"El abordaje temprano de la Sacroilitis ofrece alivio r\u00e1pido de los s\u00edntomas | Centro de Osteopatia y Salud Montserrat Cabr\u00e9","og_url":"https:\/\/montserratcabre.com\/es\/que-causa-la-sacroilitis-te-contamos-sus-sintomas-y-tratamientos\/","og_site_name":"Montserrat Cabr\u00e9","article_publisher":"https:\/\/www.facebook.com\/pages\/category\/Massage-Therapist\/Centre-dOsteopatia-i-Salut-Montserrat-Cabr-770326176510135\/","article_published_time":"2022-11-09T10:54:36+00:00","article_modified_time":"2022-11-09T11:00:27+00:00","og_image":[{"width":1254,"height":836,"url":"https:\/\/montserratcabre.com\/wp-content\/uploads\/2022\/11\/sacroilitis.jpg","type":"image\/jpeg"}],"author":"Jesus D&amp;DServeis","twitter_card":"summary_large_image","twitter_misc":{"Escrito por":"Jesus D&amp;DServeis","Tiempo de lectura":"7 minutos"},"schema":{"@context":"https:\/\/schema.org","@graph":[{"@type":"Article","@id":"https:\/\/montserratcabre.com\/es\/que-causa-la-sacroilitis-te-contamos-sus-sintomas-y-tratamientos\/#article","isPartOf":{"@id":"https:\/\/montserratcabre.com\/es\/que-causa-la-sacroilitis-te-contamos-sus-sintomas-y-tratamientos\/"},"author":{"name":"Jesus D&amp;DServeis","@id":"https:\/\/montserratcabre.com\/es\/#\/schema\/person\/0bd12dedca6f473c166c8d097872ccee"},"headline":"\u00bfQu\u00e9 causa la Sacroilitis? Te contamos sus s\u00edntomas y tratamientos","datePublished":"2022-11-09T10:54:36+00:00","dateModified":"2022-11-09T11:00:27+00:00","mainEntityOfPage":{"@id":"https:\/\/montserratcabre.com\/es\/que-causa-la-sacroilitis-te-contamos-sus-sintomas-y-tratamientos\/"},"wordCount":1109,"commentCount":0,"publisher":{"@id":"https:\/\/montserratcabre.com\/es\/#organization"},"keywords":["causas sacroilits","centre de fisioterapia a mataro","fisioterapeuta","fisioterapeuta mataro","fisioterapia en matar\u00f3","fisioter\u00e0pia matar\u00f3","fisioterapia matar\u00f3","montserrat cabre","Montserrat Cabre fisioterapia","osteopata mataro","osteopatia mataro","sacroilitis","sintomas sacroilits","tratamientos sacroilitis"],"articleSection":["Fisioterapia","Osteopatia","Sin categorizar"],"inLanguage":"es","potentialAction":[{"@type":"CommentAction","name":"Comment","target":["https:\/\/montserratcabre.com\/es\/que-causa-la-sacroilitis-te-contamos-sus-sintomas-y-tratamientos\/#respond"]}]},{"@type":"WebPage","@id":"https:\/\/montserratcabre.com\/es\/que-causa-la-sacroilitis-te-contamos-sus-sintomas-y-tratamientos\/","url":"https:\/\/montserratcabre.com\/es\/que-causa-la-sacroilitis-te-contamos-sus-sintomas-y-tratamientos\/","name":"Sacroilitis: causas, s\u00edntomas y tratamientos","isPartOf":{"@id":"https:\/\/montserratcabre.com\/es\/#website"},"datePublished":"2022-11-09T10:54:36+00:00","dateModified":"2022-11-09T11:00:27+00:00","description":"El abordaje temprano de la Sacroilitis ofrece alivio r\u00e1pido de los s\u00edntomas | Centro de Osteopatia y Salud Montserrat Cabr\u00e9","breadcrumb":{"@id":"https:\/\/montserratcabre.com\/es\/que-causa-la-sacroilitis-te-contamos-sus-sintomas-y-tratamientos\/#breadcrumb"},"inLanguage":"es","potentialAction":[{"@type":"ReadAction","target":["https:\/\/montserratcabre.com\/es\/que-causa-la-sacroilitis-te-contamos-sus-sintomas-y-tratamientos\/"]}]},{"@type":"BreadcrumbList","@id":"https:\/\/montserratcabre.com\/es\/que-causa-la-sacroilitis-te-contamos-sus-sintomas-y-tratamientos\/#breadcrumb","itemListElement":[{"@type":"ListItem","position":1,"name":"Inici","item":"https:\/\/montserratcabre.com\/es\/"},{"@type":"ListItem","position":2,"name":"\u00bfQu\u00e9 causa la Sacroilitis? Te contamos sus s\u00edntomas y tratamientos"}]},{"@type":"WebSite","@id":"https:\/\/montserratcabre.com\/es\/#website","url":"https:\/\/montserratcabre.com\/es\/","name":"Montserrat Cabr\u00e9","description":"Osteopatia, fisioter\u00e0pia i nutrici\u00f3","publisher":{"@id":"https:\/\/montserratcabre.com\/es\/#organization"},"potentialAction":[{"@type":"SearchAction","target":{"@type":"EntryPoint","urlTemplate":"https:\/\/montserratcabre.com\/es\/?s={search_term_string}"},"query-input":"required name=search_term_string"}],"inLanguage":"es"},{"@type":"Organization","@id":"https:\/\/montserratcabre.com\/es\/#organization","name":"Montserrat Cabr\u00e9","url":"https:\/\/montserratcabre.com\/es\/","sameAs":["https:\/\/www.instagram.com\/osteopatiamontserratcabre\/","https:\/\/www.facebook.com\/pages\/category\/Massage-Therapist\/Centre-dOsteopatia-i-Salut-Montserrat-Cabr-770326176510135\/"],"logo":{"@type":"ImageObject","inLanguage":"es","@id":"https:\/\/montserratcabre.com\/es\/#\/schema\/logo\/image\/","url":"https:\/\/montserratcabre.com\/wp-content\/uploads\/2019\/10\/Montserrat-Cabr\u00e8-Rich.jpg","contentUrl":"https:\/\/montserratcabre.com\/wp-content\/uploads\/2019\/10\/Montserrat-Cabr\u00e8-Rich.jpg","width":300,"height":300,"caption":"Montserrat Cabr\u00e9"},"image":{"@id":"https:\/\/montserratcabre.com\/es\/#\/schema\/logo\/image\/"}},{"@type":"Person","@id":"https:\/\/montserratcabre.com\/es\/#\/schema\/person\/0bd12dedca6f473c166c8d097872ccee","name":"Jesus D&amp;DServeis","image":{"@type":"ImageObject","inLanguage":"es","@id":"https:\/\/montserratcabre.com\/es\/#\/schema\/person\/image\/","url":"https:\/\/secure.gravatar.com\/avatar\/a3532ecb1b95303e52d249d7430f1735?s=96&d=mm&r=g","contentUrl":"https:\/\/secure.gravatar.com\/avatar\/a3532ecb1b95303e52d249d7430f1735?s=96&d=mm&r=g","caption":"Jesus D&amp;DServeis"},"url":"https:\/\/montserratcabre.com\/es\/author\/admin-montserratcabre\/"}]}},"amp_enabled":true,"_links":{"self":[{"href":"https:\/\/montserratcabre.com\/es\/wp-json\/wp\/v2\/posts\/1808\/"}],"collection":[{"href":"https:\/\/montserratcabre.com\/es\/wp-json\/wp\/v2\/posts\/"}],"about":[{"href":"https:\/\/montserratcabre.com\/es\/wp-json\/wp\/v2\/types\/post\/"}],"author":[{"embeddable":true,"href":"https:\/\/montserratcabre.com\/es\/wp-json\/wp\/v2\/users\/3\/"}],"replies":[{"embeddable":true,"href":"https:\/\/montserratcabre.com\/es\/wp-json\/wp\/v2\/comments\/?post=1808"}],"version-history":[{"count":2,"href":"https:\/\/montserratcabre.com\/es\/wp-json\/wp\/v2\/posts\/1808\/revisions\/"}],"predecessor-version":[{"id":1813,"href":"https:\/\/montserratcabre.com\/es\/wp-json\/wp\/v2\/posts\/1808\/revisions\/1813\/"}],"wp:featuredmedia":[{"embeddable":true,"href":"https:\/\/montserratcabre.com\/es\/wp-json\/wp\/v2\/media\/1811\/"}],"wp:attachment":[{"href":"https:\/\/montserratcabre.com\/es\/wp-json\/wp\/v2\/media\/?parent=1808"}],"wp:term":[{"taxonomy":"category","embeddable":true,"href":"https:\/\/montserratcabre.com\/es\/wp-json\/wp\/v2\/categories\/?post=1808"},{"taxonomy":"post_tag","embeddable":true,"href":"https:\/\/montserratcabre.com\/es\/wp-json\/wp\/v2\/tags\/?post=1808"}],"curies":[{"name":"wp","href":"https:\/\/api.w.org\/{rel}","templated":true}]}}