{"id":1822,"date":"2022-11-25T11:53:45","date_gmt":"2022-11-25T09:53:45","guid":{"rendered":"https:\/\/montserratcabre.com\/?p=1822"},"modified":"2022-12-07T11:57:49","modified_gmt":"2022-12-07T09:57:49","slug":"que-es-la-espondilolistesis-causas-sintomas-y-tratamientos","status":"publish","type":"post","link":"https:\/\/montserratcabre.com\/es\/que-es-la-espondilolistesis-causas-sintomas-y-tratamientos\/","title":{"rendered":"\u00bfQu\u00e9 es la Espondilolistesis? Causas, s\u00edntomas y tratamientos"},"content":{"rendered":"<div id=\"que-es\" class=\"blkTab\">\n<h2 class=\"c\">Qu\u00e9 es<\/h2>\n<div>\n<p>La espondilolistesis \u201ces el <strong>desplazamiento de una v\u00e9rtebra hacia delante<\/strong> respecto a la inmediatamente inferior\u201d, explica <strong>Miguel \u00c1ngel Plasencia<\/strong>, jefe de la unidad de columna de la Cl\u00ednica Cemtro.<\/p>\n<p>En la columna, \u00ablas v\u00e9rtebras tienen dos partes principales: la zona anterior o cuerpo vertebral, que va a constituir la estructura que sostiene el peso del cuerpo, y la parte posterior, en forma de anillo complejo, que tiene unas estructuras (ap\u00f3fisis articulares) que sirven para asegurar que los cuerpos vertebrales se mantengan uno encima del otro\u00bb, se\u00f1ala <strong>Rafael Garc\u00eda de Sola<\/strong>, jefe de <strong>Neurocirug\u00eda del Hospital Nuestra Se\u00f1ora del Rosario<\/strong>, catedr\u00e1tico em\u00e9rito de la Universidad Aut\u00f3noma de Madrid.<\/p>\n<p>Entre los dos \u00ab<strong>est\u00e1 el canal por donde van a pasar la m\u00e9dula y sus ra\u00edces<\/strong>. \u00c9stas van a ir saliendo entre las v\u00e9rtebras por un orificio denominado agujero de conjunci\u00f3n, cuyo l\u00edmite posterior son las ap\u00f3fisis articulares. <strong>Cuando se mueve la columna, los cuerpos vertebrales basculan gracias a los discos intervertebrales. Y las ap\u00f3fisis articulares tambi\u00e9n se mueven<\/strong>\u00ab.<\/p>\n<p>Si hay un fallo en estas ap\u00f3fisis articulares, \u00abel cuerpo vertebral superior no tiene contenci\u00f3n y se desplaza hacia adelante. <strong>La v\u00e9rtebra se <em>escurre<\/em>.<\/strong>&nbsp;Esto es la espondilolistesis\u00bb, describe Garc\u00eda de Sola.<\/p>\n<p>\u00abLa espondilolistesis cong\u00e9nita es un proceso muy poco frecuente que aparece en edades tempranas, antes de los 40 a\u00f1os\u00bb. Sin embargo, a\u00f1ade, \u00abla <strong>espondilolistesis degenerativa se est\u00e1 viendo cada vez con mayor frecuencia en personas por encima de los 70 a\u00f1os\u00bb<\/strong>.<\/p>\n<p>En estas \u00faltimas, en muchas ocasiones, \u00ab<strong>se asocia un componente degenerativo<\/strong> unido a unas ap\u00f3fisis articulares que no est\u00e1n bien conformadas desde nacimiento\u00bb.<\/p>\n<p><strong>En la infancia tiene una prevalencia de un 5% alrededor de los 6 a\u00f1os de edad <\/strong>y que aumentan en relaci\u00f3n al deporte que se realice.<\/p>\n<p><\/p>\n<\/div>\n<\/div>\n<div id=\"causas\" class=\"blkTab\">\n<h2 class=\"c\">Causas<\/h2>\n<div>\n<p>La causa fundamental es la \u201c<strong>degeneraci\u00f3n de las articulaciones vertebrales o facetas que se convierten en articulaciones inestables<\/strong>, incapaces de sujetar el deslizamiento de la v\u00e9rtebra superior por el peso corporal\u201d, explica Plasencia.<\/p>\n<p>Existen factores de riesgo asociados como \u201c<strong>el sexo, el sobrepeso y la configuraci\u00f3n anat\u00f3mica de estas articulaciones vertebrales, el denominado trofismo, que facilita el desplazamiento vertebral<\/strong>\u201d, se\u00f1ala el especialista.<\/p>\n<p>La causa puede ser \u00abcong\u00e9nita, por falta de osificaci\u00f3n de las ap\u00f3fisis articulares (lisis) o por desgaste de estas articulaciones (degenerativa), no siendo capaces de mantener alineados los cuerpos vertebrales\u00bb, apuna Garc\u00eda de Sola.<\/p>\n<p>Esta deformidad \u201c<strong>puede asociarse con una ausencia de cl\u00ednica neurol\u00f3gica<\/strong>, porque los nervios pueden sufrir una disminuci\u00f3n de hasta tres cuartas partes del espacio continente sin demostrar alteraciones siempre que sea un proceso progresivo\u201d, indica Plasencia.&nbsp;<\/p>\n<p><\/p>\n<\/div>\n<\/div>\n<div id=\"sintomas\" class=\"blkTab\">\n<h2 class=\"c\">S\u00edntomas<\/h2>\n<div>\n<p>Un elevado porcentaje de espondilolistesis es <strong>asintom\u00e1tica<\/strong>, siempre y cuando el desplazamiento de la v\u00e9rtebra sea&nbsp;<strong>leve<\/strong>.<\/p>\n<p>Cuando el desplazamiento es <strong>severo<\/strong>, los s\u00edntomas principales son \u201c<strong>dolor lumbar <\/strong>cuando el paciente est\u00e1 en bipedestaci\u00f3n prolongada o se incorpora de un asiento bajo, asociado o no con irradiaci\u00f3n por la pierna o ci\u00e1tica, y el dolor <strong>referido a ambos gl\u00fateos y muslos<\/strong> que aparece cuando el paciente lleva un tiempo caminando y que le obliga a pararse, lo que se denomina claudicaci\u00f3n con la marcha\u201d, se\u00f1ala Plasencia.<\/p>\n<p>Estos s\u00edntomas \u201c<strong>est\u00e1n producidos por lo que se denomina estenosis del canal lumbar <\/strong>y se puede confundir con otras patolog\u00edas que tambi\u00e9n producen estenosis como discopat\u00eda degenerativa o colapso del disco intervertebral y la artrosis lumbar avanzada\u201d.<\/p>\n<p>Al final, explica Garc\u00eda de Sola \u00ab<strong>el paciente est\u00e1 cada vez m\u00e1s limitado por el dolor que se provoca al caminar<\/strong> y que puede extenderse a las dos extremidades inferiores, ocasionando claudicaci\u00f3n de la marcha o enfermedad de los escaparates\u00bb. Al caminar, \u00ablas v\u00e9rtebras se mueven y comprimen las ra\u00edces nerviosas, hasta ocasionar dolor. La persona se detiene y cede esta compresi\u00f3n, cediendo el dolor\u00bb.<\/p>\n<p>Como destaca el jefe de Neurocirug\u00eda, \u00ab<strong>hay que sospechar de este problema cuando el paciente refiere lumbalgias desde hace a\u00f1os<\/strong>, que despu\u00e9s se irradian a una pierna y, al final, a las dos. Con una progresiva limitaci\u00f3n de la marcha y de la calidad de vida\u00bb.<\/p>\n<p>Tambi\u00e9s es importante saber que los s\u00edntomas de la espondilolistesis lumbar, en ocasiones,&nbsp;<strong>\u201cse parecen a otras enfermedades como la estenosis en las arterias de las piernas (insuficiencia vascular), el s\u00edndrome piramidal, o la artrosis en caderas o rodillas<\/strong>\u201d, seg\u00fan se recoge en el documento <strong><a href=\"https:\/\/pubmed.ncbi.nlm.nih.gov\/31078236\/#:~:text=Patients%20with%20symptomatic%20lumbar%20spondylolisthesis,transforaminal%20injections%2C%20and%20physical%20therapy.\" rel=\"nofollow\">Guidelines for the Treatment of Lumbar Spondylolisthesis<\/a><\/strong>, elaborado por el <strong>Departamento de Cirug\u00eda Neurol\u00f3gica, Universidad de California, San Francisco, en Estados Unidos<\/strong>.&nbsp; Por eso, los autores recomiendan, ante un paciente con sospecha de espondilolistesis lumbar, \u201casegurar que no tiene estas otras patolog\u00edas para evitar un diagn\u00f3stico y tratamiento err\u00f3neos\u201d.&nbsp;<\/p>\n<p><\/p>\n<\/div>\n<\/div>\n<div id=\"prevencion\" class=\"blkTab\">\n<h2 class=\"c\">Prevenci\u00f3n<\/h2>\n<div>\n<p>No hay posibilidad de prevenci\u00f3n de este problema ya que <strong>para su aparici\u00f3n \u201cexiste un componente anat\u00f3mico preestablecido<\/strong>\u201d, se\u00f1ala Plasencia. La \u00fanica prevenci\u00f3n para evitar que se haga sintom\u00e1tica esta patolog\u00eda es \u201c<strong>realizar ejercicio aer\u00f3bico de forma regular, estiramientos de la musculatura paravertebral, fortalecer la musculatura abdominal y evitar el sobrepeso<\/strong>\u201d.<\/p>\n<\/div>\n<\/div>\n<div id=\"tipos\" class=\"blkTab\">\n<h2 class=\"c\">Tipos<\/h2>\n<div>\n<p>Existen diferentes tipos de espondilolistesis:<\/p>\n<ul>\n<li><strong>Cong\u00e9nita<\/strong>: causada por agenesia de la carilla articular superior.&nbsp;<\/li>\n<li><strong>Istmica<\/strong>: causada por un defecto en la parte interarticular (espondilolisis).&nbsp;<\/li>\n<li><strong>Degenerativa<\/strong>: causada por degeneraci\u00f3n articular, como ocurre cuando se asocia con artrosis.<\/li>\n<li>&nbsp;<\/li>\n<li><strong>Traum\u00e1tica<\/strong>: causado por fractura, luxaci\u00f3n u otra lesi\u00f3n.&nbsp;<\/li>\n<li><strong>Patol\u00f3gica<\/strong>: causado por infecci\u00f3n, c\u00e1ncer u otras anomal\u00edas \u00f3seas<\/li>\n<\/ul>\n<p><strong>La \u00edstmica y la degenerativa son las m\u00e1s comunes<\/strong>.&nbsp;<\/p>\n<p>La <strong>\u00edstmica suele aparecer en adolescentes o en adultos j\u00f3venes atletas<\/strong> con un traumatismo m\u00ednimo y su causa es el debilitamiento de los elementos lumbares posteriores por un defecto cong\u00e9nito en la porci\u00f3n interarticular (espondilolisis). En muchos casos, este defecto es el resultado de una lesi\u00f3n por uso excesivo o una fractura por estr\u00e9s.&nbsp;<\/p>\n<p><\/p>\n<\/div>\n<\/div>\n<div id=\"diagnosticos\" class=\"blkTab\">\n<h2 class=\"c\">Diagn\u00f3stico<\/h2>\n<div>\n<p>El diagn\u00f3stico se puede hacer \u201c<strong>con una radiograf\u00eda lumbar convencional <\/strong>que permite detectar el desplazamiento vertebral\u201d, explica Plasencia, ya que, como apunta Garc\u00eda de Sola, \u00aben&nbsp;ella se puede ver claramente c\u00f3mo est\u00e1 una v\u00e9rtebra desliz\u00e1ndose sobre la inferior\u00bb.<\/p>\n<p>Pero, adem\u00e1s, seg\u00fan el neurocirujano, el diagn\u00f3stico se deber\u00e1 completar con:<\/p>\n<ol>\n<li><strong>Resonancia Magn\u00e9tica<\/strong>, que visualiza la zona de listesis y de estenosis. Diferenciando incluso el agujero de conjunci\u00f3n que puede estar m\u00e1s afectado.&nbsp;<\/li>\n<li><strong>TAC<\/strong>, en el que se puede diferenciar muy claramente si es cong\u00e9nita o degenerativa, ya que se distingue muy bien la zona de lisis en las ap\u00f3fisis articulares.&nbsp;<\/li>\n<li><strong>Radiograf\u00eda lateral<\/strong>, en la que el paciente flexiona y extiende el tronco. Es muy importante para conocer si esta espondilolistesis es muy inestable o no.&nbsp;<\/li>\n<li><strong>EMG <\/strong>(electromiograf\u00eda), en caso de que precisamos objetivar el da\u00f1o que le est\u00e1 causando a las ra\u00edces medulares.<\/li>\n<\/ol>\n<p><\/p>\n<\/div>\n<\/div>\n<div id=\"tratamientos\" class=\"blkTab\">\n<h2 class=\"c\">Tratamientos<\/h2>\n<div>\n<p>En las<strong> fases iniciales y poco sintom\u00e1ticas<\/strong>, \u201cel tratamiento consiste en medicaci\u00f3n <strong>antiinflamatoria, fisioterapia y ejercicios<\/strong> que faciliten la tonificaci\u00f3n de la zona lumbar como el pilates y la nataci\u00f3n\u201d.<\/p>\n<p>La espondilolistesis lumbar <strong>sintom\u00e1tica<\/strong>, explica Plasencia, \u201crequiere <strong>tratamiento quir\u00fargico <\/strong>cuyo objetivo es reducir el desplazamiento de la v\u00e9rtebra y estabilizar ese segmento vertebral para que deje de producir s\u00edntomas\u201d.<\/p>\n<p>El tratamiento quir\u00fargico, informa Garc\u00eda de Sola, \u00ab<strong>consta fundamentalmente de dos procedimientos, que se llevan a cabo en el mismo acto quir\u00fargico<\/strong>. Por un lado hay que descomprimir la <strong>ra\u00edz o ra\u00edces, eliminando hueso y ligamentos<\/strong>. Por otro lado hay que fijar el segmento vertebral mediante la colocaci\u00f3n de tornillos pediculares unidos por barras, que consiguen unir las dos v\u00e9rtebras que est\u00e1n inestables\u00bb.<\/p>\n<p>Cuando el problema es cong\u00e9nito, \u00ab<strong>se precisan adem\u00e1s t\u00e9cnicas de fusi\u00f3n \u00f3sea a\u00f1adidas a la fijaci\u00f3n pedicular<\/strong>\u00ab.<\/p>\n<p>Hoy d\u00eda, se\u00f1ala el neurocirujano, \u00abestos procedimientos quir\u00fargicos se hacen con mucha menor agresividad y m\u00e1s seguridad. Para esto <strong>se utilizan equipamientos muy sofisticados como es el TAC intraoperatorio, Neuronavegador, Neurofisiolog\u00eda intraoperatoria<\/strong>, motores con fresas de diamante y t\u00e9cnicas m\u00ednimamente invasivas\u00bb.<\/p>\n<p><\/p>\n<\/div>\n<\/div>\n<div id=\"otros-datos\" class=\"blkTab\">\n<h2 class=\"c\">Otros datos<\/h2>\n<div>\n<p>El pron\u00f3stico de la espondilolistesis de menor gravedad <strong>suelen evolucionar bien con fisioterapia y con ejercicio activos con hasta un 80% de los casos<\/strong> pero en los grados m\u00e1s avanzados y con sintomatolog\u00eda aguda, el tratamiento m\u00e1s adecuado es la cirug\u00eda.&nbsp;<\/p>\n<p>La <strong>Sociedad Espa\u00f1ola de Medicina del Deporte<\/strong> en su documento de consenso <em>Contraindicaciones para la pr\u00e1ctica deportiva<\/em> indican que en los casos de <strong>espondilolistesis sintom\u00e1tica<\/strong> (contractura, dolor) o con deslizamiento vertebral &lt;25%, <strong>se contraindica el deporte hasta el cese de los s\u00edntomas<\/strong> y absoluta para actividades que impliquen extensi\u00f3n o hipertensi\u00f3n del raquis.<\/p>\n<p>En aquellas con <strong>deslizamiento vertebral \u226525%<\/strong>, o en cualquier grado de listesis con compromiso neurol\u00f3gico la <strong>contraindicaci\u00f3n es absoluta para deportes de contacto<\/strong> o con riesgo de colisi\u00f3n corporal, gimnasia r\u00edtmica, gimnasia art\u00edstica, saltos de trampol\u00edn, paracaidismo, deportes ecuestres, motocross, salto de altura en estilo Fosbury, nataci\u00f3n en estilos braza o mariposa, judo, lucha libre o grecorromana, vela en posiciones de trapecio.<\/p>\n<\/div>\n<\/div>\n\n\n<p>Fuente: <a href=\"https:\/\/cuidateplus.marca.com\/enfermedades\/musculos-huesos\/espondilolistesis.html\" target=\"_blank\" rel=\"noreferrer noopener\">https:\/\/cuidateplus.marca.com<\/a><\/p>\n\n\n\n<h1>Fisioterapia en Matar\u00f3<\/h1>\n\n\n\n<figure class=\"wp-block-image size-full\"><img src=\"https:\/\/montserratcabre.com\/wp-content\/uploads\/2019\/02\/forma4.svg\" alt=\"\" class=\"wp-image-220\"\/><\/figure>\n\n\n\n<p><strong>La fisioterapia ayuda a restaurar el movimiento y la funci\u00f3n cuando alguien se ve afectado por una lesi\u00f3n, enfermedad o discapacidad.<\/strong><\/p>\n\n\n\n<div class=\"wp-container-1 wp-block-buttons\">\n<div class=\"wp-block-button\"><a class=\"wp-block-button__link has-luminous-vivid-amber-to-luminous-vivid-orange-gradient-background has-background\" href=\"https:\/\/montserratcabre.com\/es\/contacto\/\"><strong>M\u00c1S INFORMACI\u00d3N<\/strong><\/a><\/div>\n<\/div>\n","protected":false},"excerpt":{"rendered":"<p>Te contamos las causas, s\u00edntomas y tratamientos de la Espondilolistesis<\/p>\n","protected":false},"author":3,"featured_media":1823,"comment_status":"open","ping_status":"open","sticky":false,"template":"","format":"standard","meta":{"inline_featured_image":false,"_joinchat":[]},"categories":[17,8],"tags":[216,109,215,57,58,35,38,112,28,76,52,27,217,218],"yoast_head":"<!-- This site is optimized with the Yoast SEO plugin v19.7.1 - https:\/\/yoast.com\/wordpress\/plugins\/seo\/ -->\n<title>Espondilolistesis: causas, s\u00edntomas y tratamientos<\/title>\n<meta name=\"description\" content=\"Te contamos las causas, s\u00edntomas y tratamientos de la Espondilolistesis | Centro de Fisioterapia y Salud Montserrat Cabr\u00e9\" \/>\n<meta name=\"robots\" content=\"index, follow, max-snippet:-1, max-image-preview:large, max-video-preview:-1\" \/>\n<link rel=\"canonical\" href=\"https:\/\/montserratcabre.com\/es\/que-es-la-espondilolistesis-causas-sintomas-y-tratamientos\/\" \/>\n<meta property=\"og:locale\" content=\"es_ES\" \/>\n<meta property=\"og:type\" content=\"article\" \/>\n<meta property=\"og:title\" content=\"Espondilolistesis: causas, s\u00edntomas y tratamientos\" \/>\n<meta property=\"og:description\" content=\"Te contamos las causas, s\u00edntomas y tratamientos de la Espondilolistesis | Centro de Fisioterapia y Salud Montserrat Cabr\u00e9\" \/>\n<meta property=\"og:url\" content=\"https:\/\/montserratcabre.com\/es\/que-es-la-espondilolistesis-causas-sintomas-y-tratamientos\/\" \/>\n<meta property=\"og:site_name\" content=\"Montserrat Cabr\u00e9\" \/>\n<meta property=\"article:publisher\" content=\"https:\/\/www.facebook.com\/pages\/category\/Massage-Therapist\/Centre-dOsteopatia-i-Salut-Montserrat-Cabr-770326176510135\/\" \/>\n<meta property=\"article:published_time\" content=\"2022-11-25T09:53:45+00:00\" \/>\n<meta property=\"article:modified_time\" content=\"2022-12-07T09:57:49+00:00\" \/>\n<meta property=\"og:image\" content=\"https:\/\/montserratcabre.com\/wp-content\/uploads\/2022\/11\/espondilolistesis.jpg\" \/>\n\t<meta property=\"og:image:width\" content=\"1200\" \/>\n\t<meta property=\"og:image:height\" content=\"675\" \/>\n\t<meta property=\"og:image:type\" content=\"image\/jpeg\" \/>\n<meta name=\"author\" content=\"Jesus D&amp;DServeis\" \/>\n<meta name=\"twitter:card\" content=\"summary_large_image\" \/>\n<meta name=\"twitter:label1\" content=\"Escrito por\" \/>\n\t<meta name=\"twitter:data1\" content=\"Jesus D&amp;DServeis\" \/>\n\t<meta name=\"twitter:label2\" content=\"Tiempo de lectura\" \/>\n\t<meta name=\"twitter:data2\" content=\"9 minutos\" \/>\n<script type=\"application\/ld+json\" class=\"yoast-schema-graph\">{\"@context\":\"https:\/\/schema.org\",\"@graph\":[{\"@type\":\"Article\",\"@id\":\"https:\/\/montserratcabre.com\/es\/que-es-la-espondilolistesis-causas-sintomas-y-tratamientos\/#article\",\"isPartOf\":{\"@id\":\"https:\/\/montserratcabre.com\/es\/que-es-la-espondilolistesis-causas-sintomas-y-tratamientos\/\"},\"author\":{\"name\":\"Jesus D&amp;DServeis\",\"@id\":\"https:\/\/montserratcabre.com\/es\/#\/schema\/person\/0bd12dedca6f473c166c8d097872ccee\"},\"headline\":\"\u00bfQu\u00e9 es la Espondilolistesis? Causas, s\u00edntomas y tratamientos\",\"datePublished\":\"2022-11-25T09:53:45+00:00\",\"dateModified\":\"2022-12-07T09:57:49+00:00\",\"mainEntityOfPage\":{\"@id\":\"https:\/\/montserratcabre.com\/es\/que-es-la-espondilolistesis-causas-sintomas-y-tratamientos\/\"},\"wordCount\":1627,\"commentCount\":0,\"publisher\":{\"@id\":\"https:\/\/montserratcabre.com\/es\/#organization\"},\"keywords\":[\"causas espondilolistesis\",\"centre de fisioterapia a mataro\",\"Espondilolistesis\",\"fisioterapeuta\",\"fisioterapeuta mataro\",\"fisioterapia en matar\u00f3\",\"fisioter\u00e0pia matar\u00f3\",\"fisioterapia matar\u00f3\",\"montserrat cabre\",\"Montserrat Cabre fisioterapia\",\"osteopata mataro\",\"osteopatia mataro\",\"sintomas espondilolistesis\",\"tratamientos espondilolistesis\"],\"articleSection\":[\"Fisioterapia\",\"Sin categorizar\"],\"inLanguage\":\"es\",\"potentialAction\":[{\"@type\":\"CommentAction\",\"name\":\"Comment\",\"target\":[\"https:\/\/montserratcabre.com\/es\/que-es-la-espondilolistesis-causas-sintomas-y-tratamientos\/#respond\"]}]},{\"@type\":\"WebPage\",\"@id\":\"https:\/\/montserratcabre.com\/es\/que-es-la-espondilolistesis-causas-sintomas-y-tratamientos\/\",\"url\":\"https:\/\/montserratcabre.com\/es\/que-es-la-espondilolistesis-causas-sintomas-y-tratamientos\/\",\"name\":\"Espondilolistesis: causas, s\u00edntomas y tratamientos\",\"isPartOf\":{\"@id\":\"https:\/\/montserratcabre.com\/es\/#website\"},\"datePublished\":\"2022-11-25T09:53:45+00:00\",\"dateModified\":\"2022-12-07T09:57:49+00:00\",\"description\":\"Te contamos las causas, s\u00edntomas y tratamientos de la Espondilolistesis | Centro de Fisioterapia y Salud Montserrat Cabr\u00e9\",\"breadcrumb\":{\"@id\":\"https:\/\/montserratcabre.com\/es\/que-es-la-espondilolistesis-causas-sintomas-y-tratamientos\/#breadcrumb\"},\"inLanguage\":\"es\",\"potentialAction\":[{\"@type\":\"ReadAction\",\"target\":[\"https:\/\/montserratcabre.com\/es\/que-es-la-espondilolistesis-causas-sintomas-y-tratamientos\/\"]}]},{\"@type\":\"BreadcrumbList\",\"@id\":\"https:\/\/montserratcabre.com\/es\/que-es-la-espondilolistesis-causas-sintomas-y-tratamientos\/#breadcrumb\",\"itemListElement\":[{\"@type\":\"ListItem\",\"position\":1,\"name\":\"Inici\",\"item\":\"https:\/\/montserratcabre.com\/es\/\"},{\"@type\":\"ListItem\",\"position\":2,\"name\":\"\u00bfQu\u00e9 es la Espondilolistesis? Causas, s\u00edntomas y tratamientos\"}]},{\"@type\":\"WebSite\",\"@id\":\"https:\/\/montserratcabre.com\/es\/#website\",\"url\":\"https:\/\/montserratcabre.com\/es\/\",\"name\":\"Montserrat Cabr\u00e9\",\"description\":\"Osteopatia, fisioter\u00e0pia i nutrici\u00f3\",\"publisher\":{\"@id\":\"https:\/\/montserratcabre.com\/es\/#organization\"},\"potentialAction\":[{\"@type\":\"SearchAction\",\"target\":{\"@type\":\"EntryPoint\",\"urlTemplate\":\"https:\/\/montserratcabre.com\/es\/?s={search_term_string}\"},\"query-input\":\"required name=search_term_string\"}],\"inLanguage\":\"es\"},{\"@type\":\"Organization\",\"@id\":\"https:\/\/montserratcabre.com\/es\/#organization\",\"name\":\"Montserrat Cabr\u00e9\",\"url\":\"https:\/\/montserratcabre.com\/es\/\",\"sameAs\":[\"https:\/\/www.instagram.com\/osteopatiamontserratcabre\/\",\"https:\/\/www.facebook.com\/pages\/category\/Massage-Therapist\/Centre-dOsteopatia-i-Salut-Montserrat-Cabr-770326176510135\/\"],\"logo\":{\"@type\":\"ImageObject\",\"inLanguage\":\"es\",\"@id\":\"https:\/\/montserratcabre.com\/es\/#\/schema\/logo\/image\/\",\"url\":\"https:\/\/montserratcabre.com\/wp-content\/uploads\/2019\/10\/Montserrat-Cabr\u00e8-Rich.jpg\",\"contentUrl\":\"https:\/\/montserratcabre.com\/wp-content\/uploads\/2019\/10\/Montserrat-Cabr\u00e8-Rich.jpg\",\"width\":300,\"height\":300,\"caption\":\"Montserrat Cabr\u00e9\"},\"image\":{\"@id\":\"https:\/\/montserratcabre.com\/es\/#\/schema\/logo\/image\/\"}},{\"@type\":\"Person\",\"@id\":\"https:\/\/montserratcabre.com\/es\/#\/schema\/person\/0bd12dedca6f473c166c8d097872ccee\",\"name\":\"Jesus D&amp;DServeis\",\"image\":{\"@type\":\"ImageObject\",\"inLanguage\":\"es\",\"@id\":\"https:\/\/montserratcabre.com\/es\/#\/schema\/person\/image\/\",\"url\":\"https:\/\/secure.gravatar.com\/avatar\/a3532ecb1b95303e52d249d7430f1735?s=96&d=mm&r=g\",\"contentUrl\":\"https:\/\/secure.gravatar.com\/avatar\/a3532ecb1b95303e52d249d7430f1735?s=96&d=mm&r=g\",\"caption\":\"Jesus D&amp;DServeis\"},\"url\":\"https:\/\/montserratcabre.com\/es\/author\/admin-montserratcabre\/\"}]}<\/script>\n<!-- \/ Yoast SEO plugin. -->","yoast_head_json":{"title":"Espondilolistesis: causas, s\u00edntomas y tratamientos","description":"Te contamos las causas, s\u00edntomas y tratamientos de la Espondilolistesis | Centro de Fisioterapia y Salud Montserrat Cabr\u00e9","robots":{"index":"index","follow":"follow","max-snippet":"max-snippet:-1","max-image-preview":"max-image-preview:large","max-video-preview":"max-video-preview:-1"},"canonical":"https:\/\/montserratcabre.com\/es\/que-es-la-espondilolistesis-causas-sintomas-y-tratamientos\/","og_locale":"es_ES","og_type":"article","og_title":"Espondilolistesis: causas, s\u00edntomas y tratamientos","og_description":"Te contamos las causas, s\u00edntomas y tratamientos de la Espondilolistesis | Centro de Fisioterapia y Salud Montserrat Cabr\u00e9","og_url":"https:\/\/montserratcabre.com\/es\/que-es-la-espondilolistesis-causas-sintomas-y-tratamientos\/","og_site_name":"Montserrat Cabr\u00e9","article_publisher":"https:\/\/www.facebook.com\/pages\/category\/Massage-Therapist\/Centre-dOsteopatia-i-Salut-Montserrat-Cabr-770326176510135\/","article_published_time":"2022-11-25T09:53:45+00:00","article_modified_time":"2022-12-07T09:57:49+00:00","og_image":[{"width":1200,"height":675,"url":"https:\/\/montserratcabre.com\/wp-content\/uploads\/2022\/11\/espondilolistesis.jpg","type":"image\/jpeg"}],"author":"Jesus D&amp;DServeis","twitter_card":"summary_large_image","twitter_misc":{"Escrito por":"Jesus D&amp;DServeis","Tiempo de lectura":"9 minutos"},"schema":{"@context":"https:\/\/schema.org","@graph":[{"@type":"Article","@id":"https:\/\/montserratcabre.com\/es\/que-es-la-espondilolistesis-causas-sintomas-y-tratamientos\/#article","isPartOf":{"@id":"https:\/\/montserratcabre.com\/es\/que-es-la-espondilolistesis-causas-sintomas-y-tratamientos\/"},"author":{"name":"Jesus D&amp;DServeis","@id":"https:\/\/montserratcabre.com\/es\/#\/schema\/person\/0bd12dedca6f473c166c8d097872ccee"},"headline":"\u00bfQu\u00e9 es la Espondilolistesis? Causas, s\u00edntomas y tratamientos","datePublished":"2022-11-25T09:53:45+00:00","dateModified":"2022-12-07T09:57:49+00:00","mainEntityOfPage":{"@id":"https:\/\/montserratcabre.com\/es\/que-es-la-espondilolistesis-causas-sintomas-y-tratamientos\/"},"wordCount":1627,"commentCount":0,"publisher":{"@id":"https:\/\/montserratcabre.com\/es\/#organization"},"keywords":["causas espondilolistesis","centre de fisioterapia a mataro","Espondilolistesis","fisioterapeuta","fisioterapeuta mataro","fisioterapia en matar\u00f3","fisioter\u00e0pia matar\u00f3","fisioterapia matar\u00f3","montserrat cabre","Montserrat Cabre fisioterapia","osteopata mataro","osteopatia mataro","sintomas espondilolistesis","tratamientos espondilolistesis"],"articleSection":["Fisioterapia","Sin categorizar"],"inLanguage":"es","potentialAction":[{"@type":"CommentAction","name":"Comment","target":["https:\/\/montserratcabre.com\/es\/que-es-la-espondilolistesis-causas-sintomas-y-tratamientos\/#respond"]}]},{"@type":"WebPage","@id":"https:\/\/montserratcabre.com\/es\/que-es-la-espondilolistesis-causas-sintomas-y-tratamientos\/","url":"https:\/\/montserratcabre.com\/es\/que-es-la-espondilolistesis-causas-sintomas-y-tratamientos\/","name":"Espondilolistesis: causas, s\u00edntomas y tratamientos","isPartOf":{"@id":"https:\/\/montserratcabre.com\/es\/#website"},"datePublished":"2022-11-25T09:53:45+00:00","dateModified":"2022-12-07T09:57:49+00:00","description":"Te contamos las causas, s\u00edntomas y tratamientos de la Espondilolistesis | Centro de Fisioterapia y Salud Montserrat Cabr\u00e9","breadcrumb":{"@id":"https:\/\/montserratcabre.com\/es\/que-es-la-espondilolistesis-causas-sintomas-y-tratamientos\/#breadcrumb"},"inLanguage":"es","potentialAction":[{"@type":"ReadAction","target":["https:\/\/montserratcabre.com\/es\/que-es-la-espondilolistesis-causas-sintomas-y-tratamientos\/"]}]},{"@type":"BreadcrumbList","@id":"https:\/\/montserratcabre.com\/es\/que-es-la-espondilolistesis-causas-sintomas-y-tratamientos\/#breadcrumb","itemListElement":[{"@type":"ListItem","position":1,"name":"Inici","item":"https:\/\/montserratcabre.com\/es\/"},{"@type":"ListItem","position":2,"name":"\u00bfQu\u00e9 es la Espondilolistesis? Causas, s\u00edntomas y tratamientos"}]},{"@type":"WebSite","@id":"https:\/\/montserratcabre.com\/es\/#website","url":"https:\/\/montserratcabre.com\/es\/","name":"Montserrat Cabr\u00e9","description":"Osteopatia, fisioter\u00e0pia i nutrici\u00f3","publisher":{"@id":"https:\/\/montserratcabre.com\/es\/#organization"},"potentialAction":[{"@type":"SearchAction","target":{"@type":"EntryPoint","urlTemplate":"https:\/\/montserratcabre.com\/es\/?s={search_term_string}"},"query-input":"required name=search_term_string"}],"inLanguage":"es"},{"@type":"Organization","@id":"https:\/\/montserratcabre.com\/es\/#organization","name":"Montserrat Cabr\u00e9","url":"https:\/\/montserratcabre.com\/es\/","sameAs":["https:\/\/www.instagram.com\/osteopatiamontserratcabre\/","https:\/\/www.facebook.com\/pages\/category\/Massage-Therapist\/Centre-dOsteopatia-i-Salut-Montserrat-Cabr-770326176510135\/"],"logo":{"@type":"ImageObject","inLanguage":"es","@id":"https:\/\/montserratcabre.com\/es\/#\/schema\/logo\/image\/","url":"https:\/\/montserratcabre.com\/wp-content\/uploads\/2019\/10\/Montserrat-Cabr\u00e8-Rich.jpg","contentUrl":"https:\/\/montserratcabre.com\/wp-content\/uploads\/2019\/10\/Montserrat-Cabr\u00e8-Rich.jpg","width":300,"height":300,"caption":"Montserrat Cabr\u00e9"},"image":{"@id":"https:\/\/montserratcabre.com\/es\/#\/schema\/logo\/image\/"}},{"@type":"Person","@id":"https:\/\/montserratcabre.com\/es\/#\/schema\/person\/0bd12dedca6f473c166c8d097872ccee","name":"Jesus D&amp;DServeis","image":{"@type":"ImageObject","inLanguage":"es","@id":"https:\/\/montserratcabre.com\/es\/#\/schema\/person\/image\/","url":"https:\/\/secure.gravatar.com\/avatar\/a3532ecb1b95303e52d249d7430f1735?s=96&d=mm&r=g","contentUrl":"https:\/\/secure.gravatar.com\/avatar\/a3532ecb1b95303e52d249d7430f1735?s=96&d=mm&r=g","caption":"Jesus D&amp;DServeis"},"url":"https:\/\/montserratcabre.com\/es\/author\/admin-montserratcabre\/"}]}},"amp_enabled":true,"_links":{"self":[{"href":"https:\/\/montserratcabre.com\/es\/wp-json\/wp\/v2\/posts\/1822\/"}],"collection":[{"href":"https:\/\/montserratcabre.com\/es\/wp-json\/wp\/v2\/posts\/"}],"about":[{"href":"https:\/\/montserratcabre.com\/es\/wp-json\/wp\/v2\/types\/post\/"}],"author":[{"embeddable":true,"href":"https:\/\/montserratcabre.com\/es\/wp-json\/wp\/v2\/users\/3\/"}],"replies":[{"embeddable":true,"href":"https:\/\/montserratcabre.com\/es\/wp-json\/wp\/v2\/comments\/?post=1822"}],"version-history":[{"count":4,"href":"https:\/\/montserratcabre.com\/es\/wp-json\/wp\/v2\/posts\/1822\/revisions\/"}],"predecessor-version":[{"id":1833,"href":"https:\/\/montserratcabre.com\/es\/wp-json\/wp\/v2\/posts\/1822\/revisions\/1833\/"}],"wp:featuredmedia":[{"embeddable":true,"href":"https:\/\/montserratcabre.com\/es\/wp-json\/wp\/v2\/media\/1823\/"}],"wp:attachment":[{"href":"https:\/\/montserratcabre.com\/es\/wp-json\/wp\/v2\/media\/?parent=1822"}],"wp:term":[{"taxonomy":"category","embeddable":true,"href":"https:\/\/montserratcabre.com\/es\/wp-json\/wp\/v2\/categories\/?post=1822"},{"taxonomy":"post_tag","embeddable":true,"href":"https:\/\/montserratcabre.com\/es\/wp-json\/wp\/v2\/tags\/?post=1822"}],"curies":[{"name":"wp","href":"https:\/\/api.w.org\/{rel}","templated":true}]}}