{"id":1976,"date":"2023-09-08T17:55:50","date_gmt":"2023-09-08T15:55:50","guid":{"rendered":"https:\/\/montserratcabre.com\/?p=1976"},"modified":"2023-09-08T18:16:18","modified_gmt":"2023-09-08T16:16:18","slug":"dia-mundial-de-la-fisioterapia","status":"publish","type":"post","link":"https:\/\/montserratcabre.com\/es\/dia-mundial-de-la-fisioterapia\/","title":{"rendered":"D\u00eda Mundial de la Fisioterapia"},"content":{"rendered":"\n<h4><strong>El 8 de septiembre se celebra el D\u00eda Mundial de la Fisioterapia.<\/strong>&nbsp;Para el a\u00f1o 2023, la organizaci\u00f3n del evento ha publicado el lema de la campa\u00f1a:&nbsp;<em><strong>\u00abLa artritis y el papel de los fisioterapeutas\u00bb.<\/strong><\/em><\/h4>\n\n\n<h2 id=\"resTit_1\">\u00bfPor qu\u00e9 se celebra el D\u00eda Mundial de la Fisioterapia?<\/h2>\n<p>En 1996 la Confederaci\u00f3n Mundial de Fisioterapia decidi\u00f3 proclamar el 8 de septiembre como&nbsp;<strong>D\u00eda Mundial de la Fisioterapia,<\/strong>&nbsp;para dar a conocer la importancia de su labor en cuanto a la buena salud e independencia de todos los seres humanos.<\/p>\n<p>En realidad se eligi\u00f3 esta fecha en particular, dado que fue el d\u00eda en que se fundar\u00e1 dicha organizaci\u00f3n en el a\u00f1o 1951.<\/p>\n<p><\/p>\n<p>Un dato interesante sobre la fisioterapia, es que toda persona que haya sufrido alg\u00fan tipo de lesi\u00f3n que comprometa m\u00fasculo, huesos y\/o tendones, deber\u00eda pasar por una serie de sesiones con un fisioterapeuta, para que su cuerpo no se resienta, pierda movilidad o incluso deba reaprender como realizar ciertas tareas, que anteriormente pod\u00eda llevar a cabo de manera natural.<\/p>\n<h2 id=\"resTit_2\">\u00bfCu\u00e1l es el trabajo de un fisioterapeuta?<\/h2>\n<p>Los fisioterapeutas son personas especializadas en c\u00f3mo se debe mover el cuerpo, es decir, ellos estudian los movimientos de las articulaciones y los ligamentos, as\u00ed como problemas posturales que pueden ocasionar alg\u00fan tipo de lesi\u00f3n.<\/p>\n<p>El objetivo de estos profesionales de la salud es promover el bienestar, movilidad e independencia de sus pacientes, a la vez que previenen y tratan muchos problemas causados por enfermedades, malas posturas, dolores, disabilidad, discapacidad y lesiones deportivas.<\/p>\n<h2 id=\"resTit_3\">\u00bfQu\u00e9 tipo de afecciones tratan los fisioterapeutas?<\/h2>\n<p>Los fisioterapeutas realmente tratan pacientes con una gran cantidad de afecciones y s\u00edntomas, tales como:<\/p>\n<ul>\n<li>Problemas que causan dolor, como artritis o tensiones producto del estr\u00e9s o la mala postura.<\/li>\n<li>Paciente con c\u00e1ncer, que deben aprender a superar los dolores causados por la enfermedad o el tratamiento.<\/li>\n<li>Pacientes con enfermedades cerebro-vasculares que pierden la movilidad de algunas partes del cuerpo.<\/li>\n<li>Pacientes con Parkinson y lesiones medulares.<\/li>\n<li>Personas con problemas cardiacos.<\/li>\n<li>Fibrosis qu\u00edsticas.<\/li>\n<li>Par\u00e1lisis cerebral.<\/li>\n<li>Hasta personas que sufren de incontinencia.<\/li>\n<\/ul>\n<h2 id=\"resTit_4\">\u00bfC\u00f3mo puedes celebrar el D\u00eda Mundial de la Fisioterapia?<\/h2>\n<p>La mejor manera de celebrar esta fecha es dedicando un poco de tiempo a tu salud. Eliminar el estr\u00e9s, hacer ejercicio, meditar o simplemente tomar conciencia de las malas pr\u00e1cticas a la que sometes a tu cuerpo.<\/p>\n<p>Tambi\u00e9n puedes asistir a alg\u00fan evento sobre el tema o realizar alguna terapia f\u00edsica con un fisioterapeuta profesional.<\/p>\n\n\n<p>Font: <a href=\"https:\/\/www.diainternacionalde.com\/\" target=\"_blank\" rel=\"noreferrer noopener\">diainternacionalde.com<\/a><\/p>\n\n\n\n<h1>Fisioterapia en Matar\u00f3<\/h1>\n\n\n\n<figure class=\"wp-block-image\"><a href=\"https:\/\/montserratcabre.com\/osteopatia\/osteopatia-a-mataro\/\"><img src=\"https:\/\/montserratcabre.com\/wp-content\/uploads\/2019\/02\/forma4.svg\" alt=\"\"\/><\/a><\/figure>\n\n\n\n<p><strong><strong>La fisioterapia ayuda a restaurar el movimiento y la funci\u00f3n cuando alguien se ve afectado por una lesi\u00f3n, enfermedad o discapacidad.<\/strong><\/strong><\/p>\n\n\n\n<div class=\"wp-container-1 wp-block-buttons\">\n<div class=\"wp-block-button\"><a class=\"wp-block-button__link has-luminous-vivid-amber-to-luminous-vivid-orange-gradient-background has-background\" href=\"https:\/\/montserratcabre.com\/contacto\"><strong>M\u00c1S INFORMACI\u00d3<\/strong>N<\/a><\/div>\n<\/div>\n","protected":false},"excerpt":{"rendered":"<p>Osteopat\u00eda: Consejos para tratar el bruxismo<\/p>\n","protected":false},"author":3,"featured_media":1980,"comment_status":"closed","ping_status":"open","sticky":false,"template":"","format":"standard","meta":{"inline_featured_image":false,"_joinchat":[]},"categories":[17,1],"tags":[249,250,281,58,38,76,175,52,27],"yoast_head":"<!-- This site is optimized with the Yoast SEO plugin v19.7.1 - https:\/\/yoast.com\/wordpress\/plugins\/seo\/ -->\n<title>El 8 de Septiembre se celebra el D\u00eda Mundial de la Fisioterapia<\/title>\n<meta name=\"description\" content=\"Para el a\u00f1o 2023 el lema de la campa\u00f1a: La artritis y el papel de los fisioterapeutas | Montserrat Cabr\u00e9, Centro de Fisioterapia en Matar\u00f3\" \/>\n<meta name=\"robots\" content=\"index, follow, max-snippet:-1, max-image-preview:large, max-video-preview:-1\" \/>\n<link rel=\"canonical\" href=\"https:\/\/montserratcabre.com\/es\/dia-mundial-de-la-fisioterapia\/\" \/>\n<meta property=\"og:locale\" content=\"es_ES\" \/>\n<meta property=\"og:type\" content=\"article\" \/>\n<meta property=\"og:title\" content=\"El 8 de Septiembre se celebra el D\u00eda Mundial de la Fisioterapia\" \/>\n<meta property=\"og:description\" content=\"Para el a\u00f1o 2023 el lema de la campa\u00f1a: La artritis y el papel de los fisioterapeutas | Montserrat Cabr\u00e9, Centro de Fisioterapia en Matar\u00f3\" \/>\n<meta property=\"og:url\" content=\"https:\/\/montserratcabre.com\/es\/dia-mundial-de-la-fisioterapia\/\" \/>\n<meta property=\"og:site_name\" content=\"Montserrat Cabr\u00e9\" \/>\n<meta property=\"article:publisher\" content=\"https:\/\/www.facebook.com\/pages\/category\/Massage-Therapist\/Centre-dOsteopatia-i-Salut-Montserrat-Cabr-770326176510135\/\" \/>\n<meta property=\"article:published_time\" content=\"2023-09-08T15:55:50+00:00\" \/>\n<meta property=\"article:modified_time\" content=\"2023-09-08T16:16:18+00:00\" \/>\n<meta property=\"og:image\" content=\"https:\/\/montserratcabre.com\/wp-content\/uploads\/2023\/09\/paciente-haciendo-rehabilitacion-fisica-fisioterapia-terapeutas.jpg\" \/>\n\t<meta property=\"og:image:width\" content=\"1200\" \/>\n\t<meta property=\"og:image:height\" content=\"800\" \/>\n\t<meta property=\"og:image:type\" content=\"image\/jpeg\" \/>\n<meta name=\"author\" content=\"Jesus D&amp;DServeis\" \/>\n<meta name=\"twitter:card\" content=\"summary_large_image\" \/>\n<meta name=\"twitter:label1\" content=\"Escrito por\" \/>\n\t<meta name=\"twitter:data1\" content=\"Jesus D&amp;DServeis\" \/>\n\t<meta name=\"twitter:label2\" content=\"Tiempo de lectura\" \/>\n\t<meta name=\"twitter:data2\" content=\"3 minutos\" \/>\n<script type=\"application\/ld+json\" class=\"yoast-schema-graph\">{\"@context\":\"https:\/\/schema.org\",\"@graph\":[{\"@type\":\"Article\",\"@id\":\"https:\/\/montserratcabre.com\/es\/dia-mundial-de-la-fisioterapia\/#article\",\"isPartOf\":{\"@id\":\"https:\/\/montserratcabre.com\/es\/dia-mundial-de-la-fisioterapia\/\"},\"author\":{\"name\":\"Jesus D&amp;DServeis\",\"@id\":\"https:\/\/montserratcabre.com\/es\/#\/schema\/person\/0bd12dedca6f473c166c8d097872ccee\"},\"headline\":\"D\u00eda Mundial de la Fisioterapia\",\"datePublished\":\"2023-09-08T15:55:50+00:00\",\"dateModified\":\"2023-09-08T16:16:18+00:00\",\"mainEntityOfPage\":{\"@id\":\"https:\/\/montserratcabre.com\/es\/dia-mundial-de-la-fisioterapia\/\"},\"wordCount\":469,\"publisher\":{\"@id\":\"https:\/\/montserratcabre.com\/es\/#organization\"},\"keywords\":[\"centro de fisioterapia\",\"centro de osteopatia\",\"dia mundial fisioterapia\",\"fisioterapeuta mataro\",\"fisioter\u00e0pia matar\u00f3\",\"Montserrat Cabre fisioterapia\",\"montserrat cabre osteopatia\",\"osteopata mataro\",\"osteopatia mataro\"],\"articleSection\":[\"Fisioterapia\",\"Sense categoria\"],\"inLanguage\":\"es\"},{\"@type\":\"WebPage\",\"@id\":\"https:\/\/montserratcabre.com\/es\/dia-mundial-de-la-fisioterapia\/\",\"url\":\"https:\/\/montserratcabre.com\/es\/dia-mundial-de-la-fisioterapia\/\",\"name\":\"El 8 de Septiembre se celebra el D\u00eda Mundial de la Fisioterapia\",\"isPartOf\":{\"@id\":\"https:\/\/montserratcabre.com\/es\/#website\"},\"datePublished\":\"2023-09-08T15:55:50+00:00\",\"dateModified\":\"2023-09-08T16:16:18+00:00\",\"description\":\"Para el a\u00f1o 2023 el lema de la campa\u00f1a: La artritis y el papel de los fisioterapeutas | Montserrat Cabr\u00e9, Centro de Fisioterapia en Matar\u00f3\",\"breadcrumb\":{\"@id\":\"https:\/\/montserratcabre.com\/es\/dia-mundial-de-la-fisioterapia\/#breadcrumb\"},\"inLanguage\":\"es\",\"potentialAction\":[{\"@type\":\"ReadAction\",\"target\":[\"https:\/\/montserratcabre.com\/es\/dia-mundial-de-la-fisioterapia\/\"]}]},{\"@type\":\"BreadcrumbList\",\"@id\":\"https:\/\/montserratcabre.com\/es\/dia-mundial-de-la-fisioterapia\/#breadcrumb\",\"itemListElement\":[{\"@type\":\"ListItem\",\"position\":1,\"name\":\"Inici\",\"item\":\"https:\/\/montserratcabre.com\/es\/\"},{\"@type\":\"ListItem\",\"position\":2,\"name\":\"D\u00eda Mundial de la Fisioterapia\"}]},{\"@type\":\"WebSite\",\"@id\":\"https:\/\/montserratcabre.com\/es\/#website\",\"url\":\"https:\/\/montserratcabre.com\/es\/\",\"name\":\"Montserrat Cabr\u00e9\",\"description\":\"Osteopatia, fisioter\u00e0pia i nutrici\u00f3\",\"publisher\":{\"@id\":\"https:\/\/montserratcabre.com\/es\/#organization\"},\"potentialAction\":[{\"@type\":\"SearchAction\",\"target\":{\"@type\":\"EntryPoint\",\"urlTemplate\":\"https:\/\/montserratcabre.com\/es\/?s={search_term_string}\"},\"query-input\":\"required name=search_term_string\"}],\"inLanguage\":\"es\"},{\"@type\":\"Organization\",\"@id\":\"https:\/\/montserratcabre.com\/es\/#organization\",\"name\":\"Montserrat Cabr\u00e9\",\"url\":\"https:\/\/montserratcabre.com\/es\/\",\"sameAs\":[\"https:\/\/www.instagram.com\/osteopatiamontserratcabre\/\",\"https:\/\/www.facebook.com\/pages\/category\/Massage-Therapist\/Centre-dOsteopatia-i-Salut-Montserrat-Cabr-770326176510135\/\"],\"logo\":{\"@type\":\"ImageObject\",\"inLanguage\":\"es\",\"@id\":\"https:\/\/montserratcabre.com\/es\/#\/schema\/logo\/image\/\",\"url\":\"https:\/\/montserratcabre.com\/wp-content\/uploads\/2019\/10\/Montserrat-Cabr\u00e8-Rich.jpg\",\"contentUrl\":\"https:\/\/montserratcabre.com\/wp-content\/uploads\/2019\/10\/Montserrat-Cabr\u00e8-Rich.jpg\",\"width\":300,\"height\":300,\"caption\":\"Montserrat Cabr\u00e9\"},\"image\":{\"@id\":\"https:\/\/montserratcabre.com\/es\/#\/schema\/logo\/image\/\"}},{\"@type\":\"Person\",\"@id\":\"https:\/\/montserratcabre.com\/es\/#\/schema\/person\/0bd12dedca6f473c166c8d097872ccee\",\"name\":\"Jesus D&amp;DServeis\",\"image\":{\"@type\":\"ImageObject\",\"inLanguage\":\"es\",\"@id\":\"https:\/\/montserratcabre.com\/es\/#\/schema\/person\/image\/\",\"url\":\"https:\/\/secure.gravatar.com\/avatar\/a3532ecb1b95303e52d249d7430f1735?s=96&d=mm&r=g\",\"contentUrl\":\"https:\/\/secure.gravatar.com\/avatar\/a3532ecb1b95303e52d249d7430f1735?s=96&d=mm&r=g\",\"caption\":\"Jesus D&amp;DServeis\"},\"url\":\"https:\/\/montserratcabre.com\/es\/author\/admin-montserratcabre\/\"}]}<\/script>\n<!-- \/ Yoast SEO plugin. -->","yoast_head_json":{"title":"El 8 de Septiembre se celebra el D\u00eda Mundial de la Fisioterapia","description":"Para el a\u00f1o 2023 el lema de la campa\u00f1a: La artritis y el papel de los fisioterapeutas | Montserrat Cabr\u00e9, Centro de Fisioterapia en Matar\u00f3","robots":{"index":"index","follow":"follow","max-snippet":"max-snippet:-1","max-image-preview":"max-image-preview:large","max-video-preview":"max-video-preview:-1"},"canonical":"https:\/\/montserratcabre.com\/es\/dia-mundial-de-la-fisioterapia\/","og_locale":"es_ES","og_type":"article","og_title":"El 8 de Septiembre se celebra el D\u00eda Mundial de la Fisioterapia","og_description":"Para el a\u00f1o 2023 el lema de la campa\u00f1a: La artritis y el papel de los fisioterapeutas | Montserrat Cabr\u00e9, Centro de Fisioterapia en Matar\u00f3","og_url":"https:\/\/montserratcabre.com\/es\/dia-mundial-de-la-fisioterapia\/","og_site_name":"Montserrat Cabr\u00e9","article_publisher":"https:\/\/www.facebook.com\/pages\/category\/Massage-Therapist\/Centre-dOsteopatia-i-Salut-Montserrat-Cabr-770326176510135\/","article_published_time":"2023-09-08T15:55:50+00:00","article_modified_time":"2023-09-08T16:16:18+00:00","og_image":[{"width":1200,"height":800,"url":"https:\/\/montserratcabre.com\/wp-content\/uploads\/2023\/09\/paciente-haciendo-rehabilitacion-fisica-fisioterapia-terapeutas.jpg","type":"image\/jpeg"}],"author":"Jesus D&amp;DServeis","twitter_card":"summary_large_image","twitter_misc":{"Escrito por":"Jesus D&amp;DServeis","Tiempo de lectura":"3 minutos"},"schema":{"@context":"https:\/\/schema.org","@graph":[{"@type":"Article","@id":"https:\/\/montserratcabre.com\/es\/dia-mundial-de-la-fisioterapia\/#article","isPartOf":{"@id":"https:\/\/montserratcabre.com\/es\/dia-mundial-de-la-fisioterapia\/"},"author":{"name":"Jesus D&amp;DServeis","@id":"https:\/\/montserratcabre.com\/es\/#\/schema\/person\/0bd12dedca6f473c166c8d097872ccee"},"headline":"D\u00eda Mundial de la Fisioterapia","datePublished":"2023-09-08T15:55:50+00:00","dateModified":"2023-09-08T16:16:18+00:00","mainEntityOfPage":{"@id":"https:\/\/montserratcabre.com\/es\/dia-mundial-de-la-fisioterapia\/"},"wordCount":469,"publisher":{"@id":"https:\/\/montserratcabre.com\/es\/#organization"},"keywords":["centro de fisioterapia","centro de osteopatia","dia mundial fisioterapia","fisioterapeuta mataro","fisioter\u00e0pia matar\u00f3","Montserrat Cabre fisioterapia","montserrat cabre osteopatia","osteopata mataro","osteopatia mataro"],"articleSection":["Fisioterapia","Sense categoria"],"inLanguage":"es"},{"@type":"WebPage","@id":"https:\/\/montserratcabre.com\/es\/dia-mundial-de-la-fisioterapia\/","url":"https:\/\/montserratcabre.com\/es\/dia-mundial-de-la-fisioterapia\/","name":"El 8 de Septiembre se celebra el D\u00eda Mundial de la Fisioterapia","isPartOf":{"@id":"https:\/\/montserratcabre.com\/es\/#website"},"datePublished":"2023-09-08T15:55:50+00:00","dateModified":"2023-09-08T16:16:18+00:00","description":"Para el a\u00f1o 2023 el lema de la campa\u00f1a: La artritis y el papel de los fisioterapeutas | Montserrat Cabr\u00e9, Centro de Fisioterapia en Matar\u00f3","breadcrumb":{"@id":"https:\/\/montserratcabre.com\/es\/dia-mundial-de-la-fisioterapia\/#breadcrumb"},"inLanguage":"es","potentialAction":[{"@type":"ReadAction","target":["https:\/\/montserratcabre.com\/es\/dia-mundial-de-la-fisioterapia\/"]}]},{"@type":"BreadcrumbList","@id":"https:\/\/montserratcabre.com\/es\/dia-mundial-de-la-fisioterapia\/#breadcrumb","itemListElement":[{"@type":"ListItem","position":1,"name":"Inici","item":"https:\/\/montserratcabre.com\/es\/"},{"@type":"ListItem","position":2,"name":"D\u00eda Mundial de la Fisioterapia"}]},{"@type":"WebSite","@id":"https:\/\/montserratcabre.com\/es\/#website","url":"https:\/\/montserratcabre.com\/es\/","name":"Montserrat Cabr\u00e9","description":"Osteopatia, fisioter\u00e0pia i nutrici\u00f3","publisher":{"@id":"https:\/\/montserratcabre.com\/es\/#organization"},"potentialAction":[{"@type":"SearchAction","target":{"@type":"EntryPoint","urlTemplate":"https:\/\/montserratcabre.com\/es\/?s={search_term_string}"},"query-input":"required name=search_term_string"}],"inLanguage":"es"},{"@type":"Organization","@id":"https:\/\/montserratcabre.com\/es\/#organization","name":"Montserrat Cabr\u00e9","url":"https:\/\/montserratcabre.com\/es\/","sameAs":["https:\/\/www.instagram.com\/osteopatiamontserratcabre\/","https:\/\/www.facebook.com\/pages\/category\/Massage-Therapist\/Centre-dOsteopatia-i-Salut-Montserrat-Cabr-770326176510135\/"],"logo":{"@type":"ImageObject","inLanguage":"es","@id":"https:\/\/montserratcabre.com\/es\/#\/schema\/logo\/image\/","url":"https:\/\/montserratcabre.com\/wp-content\/uploads\/2019\/10\/Montserrat-Cabr\u00e8-Rich.jpg","contentUrl":"https:\/\/montserratcabre.com\/wp-content\/uploads\/2019\/10\/Montserrat-Cabr\u00e8-Rich.jpg","width":300,"height":300,"caption":"Montserrat Cabr\u00e9"},"image":{"@id":"https:\/\/montserratcabre.com\/es\/#\/schema\/logo\/image\/"}},{"@type":"Person","@id":"https:\/\/montserratcabre.com\/es\/#\/schema\/person\/0bd12dedca6f473c166c8d097872ccee","name":"Jesus D&amp;DServeis","image":{"@type":"ImageObject","inLanguage":"es","@id":"https:\/\/montserratcabre.com\/es\/#\/schema\/person\/image\/","url":"https:\/\/secure.gravatar.com\/avatar\/a3532ecb1b95303e52d249d7430f1735?s=96&d=mm&r=g","contentUrl":"https:\/\/secure.gravatar.com\/avatar\/a3532ecb1b95303e52d249d7430f1735?s=96&d=mm&r=g","caption":"Jesus D&amp;DServeis"},"url":"https:\/\/montserratcabre.com\/es\/author\/admin-montserratcabre\/"}]}},"amp_enabled":true,"_links":{"self":[{"href":"https:\/\/montserratcabre.com\/es\/wp-json\/wp\/v2\/posts\/1976\/"}],"collection":[{"href":"https:\/\/montserratcabre.com\/es\/wp-json\/wp\/v2\/posts\/"}],"about":[{"href":"https:\/\/montserratcabre.com\/es\/wp-json\/wp\/v2\/types\/post\/"}],"author":[{"embeddable":true,"href":"https:\/\/montserratcabre.com\/es\/wp-json\/wp\/v2\/users\/3\/"}],"replies":[{"embeddable":true,"href":"https:\/\/montserratcabre.com\/es\/wp-json\/wp\/v2\/comments\/?post=1976"}],"version-history":[{"count":2,"href":"https:\/\/montserratcabre.com\/es\/wp-json\/wp\/v2\/posts\/1976\/revisions\/"}],"predecessor-version":[{"id":1982,"href":"https:\/\/montserratcabre.com\/es\/wp-json\/wp\/v2\/posts\/1976\/revisions\/1982\/"}],"wp:featuredmedia":[{"embeddable":true,"href":"https:\/\/montserratcabre.com\/es\/wp-json\/wp\/v2\/media\/1980\/"}],"wp:attachment":[{"href":"https:\/\/montserratcabre.com\/es\/wp-json\/wp\/v2\/media\/?parent=1976"}],"wp:term":[{"taxonomy":"category","embeddable":true,"href":"https:\/\/montserratcabre.com\/es\/wp-json\/wp\/v2\/categories\/?post=1976"},{"taxonomy":"post_tag","embeddable":true,"href":"https:\/\/montserratcabre.com\/es\/wp-json\/wp\/v2\/tags\/?post=1976"}],"curies":[{"name":"wp","href":"https:\/\/api.w.org\/{rel}","templated":true}]}}