{"id":101,"count":1,"description":"","link":"https:\/\/montserratcabre.com\/es\/tag\/tractar-el-colic-del-lactant\/","name":"tractar el colic del lactant","slug":"tractar-el-colic-del-lactant","taxonomy":"post_tag","meta":[],"yoast_head":"<!-- This site is optimized with the Yoast SEO plugin v19.7.1 - https:\/\/yoast.com\/wordpress\/plugins\/seo\/ -->\n<title>Arxius de tractar el colic del lactant - Montserrat Cabr\u00e9<\/title>\n<meta name=\"robots\" content=\"index, follow, max-snippet:-1, max-image-preview:large, max-video-preview:-1\" \/>\n<link rel=\"canonical\" href=\"https:\/\/montserratcabre.com\/es\/tag\/tractar-el-colic-del-lactant\/\" \/>\n<meta property=\"og:locale\" content=\"es_ES\" \/>\n<meta property=\"og:type\" content=\"article\" \/>\n<meta property=\"og:title\" content=\"Arxius de tractar el colic del lactant - Montserrat Cabr\u00e9\" \/>\n<meta property=\"og:url\" content=\"https:\/\/montserratcabre.com\/es\/tag\/tractar-el-colic-del-lactant\/\" \/>\n<meta property=\"og:site_name\" content=\"Montserrat Cabr\u00e9\" \/>\n<meta name=\"twitter:card\" content=\"summary_large_image\" \/>\n<script type=\"application\/ld+json\" class=\"yoast-schema-graph\">{\"@context\":\"https:\/\/schema.org\",\"@graph\":[{\"@type\":\"CollectionPage\",\"@id\":\"https:\/\/montserratcabre.com\/es\/tag\/tractar-el-colic-del-lactant\/\",\"url\":\"https:\/\/montserratcabre.com\/es\/tag\/tractar-el-colic-del-lactant\/\",\"name\":\"Arxius de tractar el colic del lactant - Montserrat Cabr\u00e9\",\"isPartOf\":{\"@id\":\"https:\/\/montserratcabre.com\/es\/#website\"},\"breadcrumb\":{\"@id\":\"https:\/\/montserratcabre.com\/es\/tag\/tractar-el-colic-del-lactant\/#breadcrumb\"},\"inLanguage\":\"es\"},{\"@type\":\"BreadcrumbList\",\"@id\":\"https:\/\/montserratcabre.com\/es\/tag\/tractar-el-colic-del-lactant\/#breadcrumb\",\"itemListElement\":[{\"@type\":\"ListItem\",\"position\":1,\"name\":\"Inici\",\"item\":\"https:\/\/montserratcabre.com\/es\/\"},{\"@type\":\"ListItem\",\"position\":2,\"name\":\"tractar el colic del lactant\"}]},{\"@type\":\"WebSite\",\"@id\":\"https:\/\/montserratcabre.com\/es\/#website\",\"url\":\"https:\/\/montserratcabre.com\/es\/\",\"name\":\"Montserrat Cabr\u00e9\",\"description\":\"Osteopatia, fisioter\u00e0pia i nutrici\u00f3\",\"publisher\":{\"@id\":\"https:\/\/montserratcabre.com\/es\/#organization\"},\"potentialAction\":[{\"@type\":\"SearchAction\",\"target\":{\"@type\":\"EntryPoint\",\"urlTemplate\":\"https:\/\/montserratcabre.com\/es\/?s={search_term_string}\"},\"query-input\":\"required name=search_term_string\"}],\"inLanguage\":\"es\"},{\"@type\":\"Organization\",\"@id\":\"https:\/\/montserratcabre.com\/es\/#organization\",\"name\":\"Montserrat Cabr\u00e9\",\"url\":\"https:\/\/montserratcabre.com\/es\/\",\"sameAs\":[\"https:\/\/www.instagram.com\/osteopatiamontserratcabre\/\",\"https:\/\/www.facebook.com\/pages\/category\/Massage-Therapist\/Centre-dOsteopatia-i-Salut-Montserrat-Cabr-770326176510135\/\"],\"logo\":{\"@type\":\"ImageObject\",\"inLanguage\":\"es\",\"@id\":\"https:\/\/montserratcabre.com\/es\/#\/schema\/logo\/image\/\",\"url\":\"https:\/\/montserratcabre.com\/wp-content\/uploads\/2019\/10\/Montserrat-Cabr\u00e8-Rich.jpg\",\"contentUrl\":\"https:\/\/montserratcabre.com\/wp-content\/uploads\/2019\/10\/Montserrat-Cabr\u00e8-Rich.jpg\",\"width\":300,\"height\":300,\"caption\":\"Montserrat Cabr\u00e9\"},\"image\":{\"@id\":\"https:\/\/montserratcabre.com\/es\/#\/schema\/logo\/image\/\"}}]}<\/script>\n<!-- \/ Yoast SEO plugin. -->","yoast_head_json":{"title":"Arxius de tractar el colic del lactant - Montserrat Cabr\u00e9","robots":{"index":"index","follow":"follow","max-snippet":"max-snippet:-1","max-image-preview":"max-image-preview:large","max-video-preview":"max-video-preview:-1"},"canonical":"https:\/\/montserratcabre.com\/es\/tag\/tractar-el-colic-del-lactant\/","og_locale":"es_ES","og_type":"article","og_title":"Arxius de tractar el colic del lactant - Montserrat Cabr\u00e9","og_url":"https:\/\/montserratcabre.com\/es\/tag\/tractar-el-colic-del-lactant\/","og_site_name":"Montserrat Cabr\u00e9","twitter_card":"summary_large_image","schema":{"@context":"https:\/\/schema.org","@graph":[{"@type":"CollectionPage","@id":"https:\/\/montserratcabre.com\/es\/tag\/tractar-el-colic-del-lactant\/","url":"https:\/\/montserratcabre.com\/es\/tag\/tractar-el-colic-del-lactant\/","name":"Arxius de tractar el colic del lactant - Montserrat Cabr\u00e9","isPartOf":{"@id":"https:\/\/montserratcabre.com\/es\/#website"},"breadcrumb":{"@id":"https:\/\/montserratcabre.com\/es\/tag\/tractar-el-colic-del-lactant\/#breadcrumb"},"inLanguage":"es"},{"@type":"BreadcrumbList","@id":"https:\/\/montserratcabre.com\/es\/tag\/tractar-el-colic-del-lactant\/#breadcrumb","itemListElement":[{"@type":"ListItem","position":1,"name":"Inici","item":"https:\/\/montserratcabre.com\/es\/"},{"@type":"ListItem","position":2,"name":"tractar el colic del lactant"}]},{"@type":"WebSite","@id":"https:\/\/montserratcabre.com\/es\/#website","url":"https:\/\/montserratcabre.com\/es\/","name":"Montserrat Cabr\u00e9","description":"Osteopatia, fisioter\u00e0pia i nutrici\u00f3","publisher":{"@id":"https:\/\/montserratcabre.com\/es\/#organization"},"potentialAction":[{"@type":"SearchAction","target":{"@type":"EntryPoint","urlTemplate":"https:\/\/montserratcabre.com\/es\/?s={search_term_string}"},"query-input":"required name=search_term_string"}],"inLanguage":"es"},{"@type":"Organization","@id":"https:\/\/montserratcabre.com\/es\/#organization","name":"Montserrat Cabr\u00e9","url":"https:\/\/montserratcabre.com\/es\/","sameAs":["https:\/\/www.instagram.com\/osteopatiamontserratcabre\/","https:\/\/www.facebook.com\/pages\/category\/Massage-Therapist\/Centre-dOsteopatia-i-Salut-Montserrat-Cabr-770326176510135\/"],"logo":{"@type":"ImageObject","inLanguage":"es","@id":"https:\/\/montserratcabre.com\/es\/#\/schema\/logo\/image\/","url":"https:\/\/montserratcabre.com\/wp-content\/uploads\/2019\/10\/Montserrat-Cabr\u00e8-Rich.jpg","contentUrl":"https:\/\/montserratcabre.com\/wp-content\/uploads\/2019\/10\/Montserrat-Cabr\u00e8-Rich.jpg","width":300,"height":300,"caption":"Montserrat Cabr\u00e9"},"image":{"@id":"https:\/\/montserratcabre.com\/es\/#\/schema\/logo\/image\/"}}]}},"_links":{"self":[{"href":"https:\/\/montserratcabre.com\/es\/wp-json\/wp\/v2\/tags\/101\/"}],"collection":[{"href":"https:\/\/montserratcabre.com\/es\/wp-json\/wp\/v2\/tags\/"}],"about":[{"href":"https:\/\/montserratcabre.com\/es\/wp-json\/wp\/v2\/taxonomies\/post_tag\/"}],"wp:post_type":[{"href":"https:\/\/montserratcabre.com\/es\/wp-json\/wp\/v2\/posts\/?tags=101"}],"curies":[{"name":"wp","href":"https:\/\/api.w.org\/{rel}","templated":true}]}}